{"id":1130,"date":"2022-08-01T15:34:02","date_gmt":"2022-08-01T13:34:02","guid":{"rendered":"https:\/\/divadlo.pametnaroda.cz\/?p=1130"},"modified":"2025-03-26T14:48:05","modified_gmt":"2025-03-26T13:48:05","slug":"kulturni-centrum-zahrada","status":"publish","type":"post","link":"https:\/\/divadlo.pametnaroda.cz\/en\/2022\/08\/kulturni-centrum-zahrada\/","title":{"rendered":"Otev\u00edr\u00e1me nov\u00fd krou\u017eek na Praze 11"},"content":{"rendered":"<p><strong>Kulturn\u00ed centrum Zahrada<\/strong><\/p>\n<p><strong>Malenick\u00e1 1784\/2, 148 00 Praha 11<\/strong><\/p>\n<p><strong>\u00fater\u00fd 16:30 &#8211; 18:00<\/strong><\/p>\n<p>Od z\u00e1\u0159\u00ed 2022 p\u0159ipravujeme divadeln\u00ed krou\u017eek v kulturn\u00edm centru Zahrada. Je ur\u010den d\u011btem a mlad\u00fdm lidem od 12 \u2013 18 let. Lektor je \u0160imon Pliska, absolvent HAMU, herec, mim, klaun a anim\u00e1tor pro d\u011bti.<\/p>\n<p>Dejte n\u00e1m v\u011bd\u011bt sv\u016fj z\u00e1jem na divadlo@pametnaroda.cz<\/p>\n<p>&nbsp;<\/p>","protected":false},"excerpt":{"rendered":"<p>Kulturn\u00ed centrum Zahrada Malenick\u00e1 1784\/2, 148 00 Praha 11 \u00fater\u00fd 16:30 &#8211; 18:00 Od z\u00e1\u0159\u00ed 2022 p\u0159ipravujeme divadeln\u00ed krou\u017eek v kulturn\u00edm centru Zahrada. Je ur\u010den d\u011btem a mlad\u00fdm lidem od 12 \u2013 18 let. Lektor je \u0160imon Pliska, absolvent HAMU, herec, mim, klaun a anim\u00e1tor pro d\u011bti. Dejte n\u00e1m v\u011bd\u011bt sv\u016fj z\u00e1jem na divadlo@pametnaroda.cz &nbsp;<\/p>","protected":false},"author":1,"featured_media":0,"comment_status":"closed","ping_status":"closed","sticky":false,"template":"","format":"standard","meta":{"footnotes":""},"categories":[75],"tags":[],"class_list":["post-1130","post","type-post","status-publish","format-standard","hentry","category-aktuality"],"yoast_head":"<!-- This site is optimized with the Yoast SEO plugin v24.5 - https:\/\/yoast.com\/wordpress\/plugins\/seo\/ -->\n<title>Otev\u00edr\u00e1me nov\u00fd krou\u017eek na Praze 11 - Divadlo Pam\u011bti n\u00e1roda<\/title>\n<meta name=\"robots\" content=\"index, follow, max-snippet:-1, max-image-preview:large, max-video-preview:-1\" \/>\n<link rel=\"canonical\" href=\"https:\/\/divadlo.pametnaroda.cz\/en\/2022\/08\/kulturni-centrum-zahrada\/\" \/>\n<meta property=\"og:locale\" content=\"en_GB\" \/>\n<meta property=\"og:type\" content=\"article\" \/>\n<meta property=\"og:title\" content=\"Otev\u00edr\u00e1me nov\u00fd krou\u017eek na Praze 11 - Divadlo Pam\u011bti n\u00e1roda\" \/>\n<meta property=\"og:description\" content=\"Kulturn\u00ed centrum Zahrada Malenick\u00e1 1784\/2, 148 00 Praha 11 \u00fater\u00fd 16:30 &#8211; 18:00 Od z\u00e1\u0159\u00ed 2022 p\u0159ipravujeme divadeln\u00ed krou\u017eek v kulturn\u00edm centru Zahrada. Je ur\u010den d\u011btem a mlad\u00fdm lidem od 12 \u2013 18 let. Lektor je \u0160imon Pliska, absolvent HAMU, herec, mim, klaun a anim\u00e1tor pro d\u011bti. Dejte n\u00e1m v\u011bd\u011bt sv\u016fj z\u00e1jem na divadlo@pametnaroda.cz &nbsp;\" \/>\n<meta property=\"og:url\" content=\"https:\/\/divadlo.pametnaroda.cz\/en\/2022\/08\/kulturni-centrum-zahrada\/\" \/>\n<meta property=\"og:site_name\" content=\"Divadlo Pam\u011bti n\u00e1roda\" \/>\n<meta property=\"article:published_time\" content=\"2022-08-01T13:34:02+00:00\" \/>\n<meta property=\"article:modified_time\" content=\"2025-03-26T13:48:05+00:00\" \/>\n<meta name=\"author\" content=\"postbellum\" \/>\n<meta name=\"twitter:card\" content=\"summary_large_image\" \/>\n<meta name=\"twitter:label1\" content=\"Written by\" \/>\n\t<meta name=\"twitter:data1\" content=\"postbellum\" \/>\n<script type=\"application\/ld+json\" class=\"yoast-schema-graph\">{\"@context\":\"https:\/\/schema.org\",\"@graph\":[{\"@type\":\"WebPage\",\"@id\":\"https:\/\/divadlo.pametnaroda.cz\/2022\/08\/kulturni-centrum-zahrada\/\",\"url\":\"https:\/\/divadlo.pametnaroda.cz\/2022\/08\/kulturni-centrum-zahrada\/\",\"name\":\"Otev\u00edr\u00e1me nov\u00fd krou\u017eek na Praze 11 - Divadlo Pam\u011bti n\u00e1roda\",\"isPartOf\":{\"@id\":\"https:\/\/divadlo.pametnaroda.cz\/#website\"},\"datePublished\":\"2022-08-01T13:34:02+00:00\",\"dateModified\":\"2025-03-26T13:48:05+00:00\",\"author\":{\"@id\":\"https:\/\/divadlo.pametnaroda.cz\/#\/schema\/person\/7a0c1c4343733f17d8e57dc8ea5bc0de\"},\"breadcrumb\":{\"@id\":\"https:\/\/divadlo.pametnaroda.cz\/2022\/08\/kulturni-centrum-zahrada\/#breadcrumb\"},\"inLanguage\":\"en-GB\",\"potentialAction\":[{\"@type\":\"ReadAction\",\"target\":[\"https:\/\/divadlo.pametnaroda.cz\/2022\/08\/kulturni-centrum-zahrada\/\"]}]},{\"@type\":\"BreadcrumbList\",\"@id\":\"https:\/\/divadlo.pametnaroda.cz\/2022\/08\/kulturni-centrum-zahrada\/#breadcrumb\",\"itemListElement\":[{\"@type\":\"ListItem\",\"position\":1,\"name\":\"Dom\u016f\",\"item\":\"https:\/\/divadlo.pametnaroda.cz\/\"},{\"@type\":\"ListItem\",\"position\":2,\"name\":\"Otev\u00edr\u00e1me nov\u00fd krou\u017eek na Praze 11\"}]},{\"@type\":\"WebSite\",\"@id\":\"https:\/\/divadlo.pametnaroda.cz\/#website\",\"url\":\"https:\/\/divadlo.pametnaroda.cz\/\",\"name\":\"Divadlo Pam\u011bti n\u00e1roda\",\"description\":\"Vypr\u00e1v\u00edme p\u0159\u00edb\u011bhy 20. stolet\u00ed skrze autentick\u00e1 sv\u011bdectv\u00ed Pam\u011bti n\u00e1roda\",\"potentialAction\":[{\"@type\":\"SearchAction\",\"target\":{\"@type\":\"EntryPoint\",\"urlTemplate\":\"https:\/\/divadlo.pametnaroda.cz\/?s={search_term_string}\"},\"query-input\":{\"@type\":\"PropertyValueSpecification\",\"valueRequired\":true,\"valueName\":\"search_term_string\"}}],\"inLanguage\":\"en-GB\"},{\"@type\":\"Person\",\"@id\":\"https:\/\/divadlo.pametnaroda.cz\/#\/schema\/person\/7a0c1c4343733f17d8e57dc8ea5bc0de\",\"name\":\"postbellum\",\"image\":{\"@type\":\"ImageObject\",\"inLanguage\":\"en-GB\",\"@id\":\"https:\/\/divadlo.pametnaroda.cz\/#\/schema\/person\/image\/\",\"url\":\"https:\/\/secure.gravatar.com\/avatar\/68378809e30a6941b47c3e40b7159e3f?s=96&d=mm&r=g\",\"contentUrl\":\"https:\/\/secure.gravatar.com\/avatar\/68378809e30a6941b47c3e40b7159e3f?s=96&d=mm&r=g\",\"caption\":\"postbellum\"},\"url\":\"https:\/\/divadlo.pametnaroda.cz\/en\/author\/postbellum\/\"}]}<\/script>\n<!-- \/ Yoast SEO plugin. -->","yoast_head_json":{"title":"Otev\u00edr\u00e1me nov\u00fd krou\u017eek na Praze 11 - Divadlo Pam\u011bti n\u00e1roda","robots":{"index":"index","follow":"follow","max-snippet":"max-snippet:-1","max-image-preview":"max-image-preview:large","max-video-preview":"max-video-preview:-1"},"canonical":"https:\/\/divadlo.pametnaroda.cz\/en\/2022\/08\/kulturni-centrum-zahrada\/","og_locale":"en_GB","og_type":"article","og_title":"Otev\u00edr\u00e1me nov\u00fd krou\u017eek na Praze 11 - Divadlo Pam\u011bti n\u00e1roda","og_description":"Kulturn\u00ed centrum Zahrada Malenick\u00e1 1784\/2, 148 00 Praha 11 \u00fater\u00fd 16:30 &#8211; 18:00 Od z\u00e1\u0159\u00ed 2022 p\u0159ipravujeme divadeln\u00ed krou\u017eek v kulturn\u00edm centru Zahrada. Je ur\u010den d\u011btem a mlad\u00fdm lidem od 12 \u2013 18 let. Lektor je \u0160imon Pliska, absolvent HAMU, herec, mim, klaun a anim\u00e1tor pro d\u011bti. Dejte n\u00e1m v\u011bd\u011bt sv\u016fj z\u00e1jem na divadlo@pametnaroda.cz &nbsp;","og_url":"https:\/\/divadlo.pametnaroda.cz\/en\/2022\/08\/kulturni-centrum-zahrada\/","og_site_name":"Divadlo Pam\u011bti n\u00e1roda","article_published_time":"2022-08-01T13:34:02+00:00","article_modified_time":"2025-03-26T13:48:05+00:00","author":"postbellum","twitter_card":"summary_large_image","twitter_misc":{"Written by":"postbellum"},"schema":{"@context":"https:\/\/schema.org","@graph":[{"@type":"WebPage","@id":"https:\/\/divadlo.pametnaroda.cz\/2022\/08\/kulturni-centrum-zahrada\/","url":"https:\/\/divadlo.pametnaroda.cz\/2022\/08\/kulturni-centrum-zahrada\/","name":"Otev\u00edr\u00e1me nov\u00fd krou\u017eek na Praze 11 - Divadlo Pam\u011bti n\u00e1roda","isPartOf":{"@id":"https:\/\/divadlo.pametnaroda.cz\/#website"},"datePublished":"2022-08-01T13:34:02+00:00","dateModified":"2025-03-26T13:48:05+00:00","author":{"@id":"https:\/\/divadlo.pametnaroda.cz\/#\/schema\/person\/7a0c1c4343733f17d8e57dc8ea5bc0de"},"breadcrumb":{"@id":"https:\/\/divadlo.pametnaroda.cz\/2022\/08\/kulturni-centrum-zahrada\/#breadcrumb"},"inLanguage":"en-GB","potentialAction":[{"@type":"ReadAction","target":["https:\/\/divadlo.pametnaroda.cz\/2022\/08\/kulturni-centrum-zahrada\/"]}]},{"@type":"BreadcrumbList","@id":"https:\/\/divadlo.pametnaroda.cz\/2022\/08\/kulturni-centrum-zahrada\/#breadcrumb","itemListElement":[{"@type":"ListItem","position":1,"name":"Dom\u016f","item":"https:\/\/divadlo.pametnaroda.cz\/"},{"@type":"ListItem","position":2,"name":"Otev\u00edr\u00e1me nov\u00fd krou\u017eek na Praze 11"}]},{"@type":"WebSite","@id":"https:\/\/divadlo.pametnaroda.cz\/#website","url":"https:\/\/divadlo.pametnaroda.cz\/","name":"Divadlo Pam\u011bti n\u00e1roda","description":"Vypr\u00e1v\u00edme p\u0159\u00edb\u011bhy 20. stolet\u00ed skrze autentick\u00e1 sv\u011bdectv\u00ed Pam\u011bti n\u00e1roda","potentialAction":[{"@type":"SearchAction","target":{"@type":"EntryPoint","urlTemplate":"https:\/\/divadlo.pametnaroda.cz\/?s={search_term_string}"},"query-input":{"@type":"PropertyValueSpecification","valueRequired":true,"valueName":"search_term_string"}}],"inLanguage":"en-GB"},{"@type":"Person","@id":"https:\/\/divadlo.pametnaroda.cz\/#\/schema\/person\/7a0c1c4343733f17d8e57dc8ea5bc0de","name":"postbellum","image":{"@type":"ImageObject","inLanguage":"en-GB","@id":"https:\/\/divadlo.pametnaroda.cz\/#\/schema\/person\/image\/","url":"https:\/\/secure.gravatar.com\/avatar\/68378809e30a6941b47c3e40b7159e3f?s=96&d=mm&r=g","contentUrl":"https:\/\/secure.gravatar.com\/avatar\/68378809e30a6941b47c3e40b7159e3f?s=96&d=mm&r=g","caption":"postbellum"},"url":"https:\/\/divadlo.pametnaroda.cz\/en\/author\/postbellum\/"}]}},"_links":{"self":[{"href":"https:\/\/divadlo.pametnaroda.cz\/en\/wp-json\/wp\/v2\/posts\/1130","targetHints":{"allow":["GET"]}}],"collection":[{"href":"https:\/\/divadlo.pametnaroda.cz\/en\/wp-json\/wp\/v2\/posts"}],"about":[{"href":"https:\/\/divadlo.pametnaroda.cz\/en\/wp-json\/wp\/v2\/types\/post"}],"author":[{"embeddable":true,"href":"https:\/\/divadlo.pametnaroda.cz\/en\/wp-json\/wp\/v2\/users\/1"}],"replies":[{"embeddable":true,"href":"https:\/\/divadlo.pametnaroda.cz\/en\/wp-json\/wp\/v2\/comments?post=1130"}],"version-history":[{"count":0,"href":"https:\/\/divadlo.pametnaroda.cz\/en\/wp-json\/wp\/v2\/posts\/1130\/revisions"}],"wp:attachment":[{"href":"https:\/\/divadlo.pametnaroda.cz\/en\/wp-json\/wp\/v2\/media?parent=1130"}],"wp:term":[{"taxonomy":"category","embeddable":true,"href":"https:\/\/divadlo.pametnaroda.cz\/en\/wp-json\/wp\/v2\/categories?post=1130"},{"taxonomy":"post_tag","embeddable":true,"href":"https:\/\/divadlo.pametnaroda.cz\/en\/wp-json\/wp\/v2\/tags?post=1130"}],"curies":[{"name":"wp","href":"https:\/\/api.w.org\/{rel}","templated":true}]}}