{"id":1161,"date":"2022-08-09T11:44:56","date_gmt":"2022-08-09T09:44:56","guid":{"rendered":"https:\/\/divadlo.pametnaroda.cz\/?p=1161"},"modified":"2025-03-26T14:47:58","modified_gmt":"2025-03-26T13:47:58","slug":"rozsirujeme-cinnost-divadla-pameti-naroda-i-mimo-hranice-ceske-republiky","status":"publish","type":"post","link":"https:\/\/divadlo.pametnaroda.cz\/en\/2022\/08\/rozsirujeme-cinnost-divadla-pameti-naroda-i-mimo-hranice-ceske-republiky\/","title":{"rendered":"Divadlo Pam\u011bti n\u00e1roda v Litv\u011b"},"content":{"rendered":"<p><strong>25.7-31.7.2022<\/strong><\/p>\n<p><strong>Zapy\u0161kis, okres Kaunas, Litva<\/strong><\/p>\n<p>The Stuba Community Centre, located in Kaunas district in Lithuania, was attracted by our way of theatrical processing of history.<\/p>\n<p>On 25 July we started a week-long theatre workshop and introduced 17 young people to our way of work. The young people interviewed four local eyewitnesses. They recalled, for example, the burning of Romas Kalanta, a man who burned himself to death in protest against the occupation and the incorporation of his homeland into the Soviet Union. The Singing Revolution and the Declaration of Independence were also discussed. We, in turn, told them about the fate of Jan Palach and the circumstances of the Velvet Revolution. All participants had the opportunity to compare the history of the two countries.<\/p>\n<p>At the end of the week, a small public presentation awaited all the participants of our weekly workshop in the form of short theatrical etudes based on the eyewitnesses' testimonies.<\/p>\n<p>Bylo n\u00e1m pot\u011b\u0161en\u00edm pracovat v Litv\u011b a t\u011b\u0161\u00edme se na dal\u0161\u00ed roz\u0161i\u0159ov\u00e1n\u00ed \u010dinnosti Divadla Pam\u011bti n\u00e1roda d\u00e1l do sv\u011bta.<\/p>\n<div class='white' style='background:rgba(0,0,0,0); border:solid 0px rgba(0,0,0,0); border-radius:0px; padding:0px 0px 0px 0px;'>\n<div id='slider_1186' class='owl-carousel sa_owl_theme owl-pagination-true autohide-arrows' data-slider-id='slider_1186' style='visibility:hidden;'>\n<div id='slider_1186_slide01' class='sa_hover_container' style='padding:5% 5%; margin:0px 0%; background-image:url(&quot;https:\/\/divadlo.pametnaroda.cz\/media\/sites\/3\/2022\/08\/IMG_20220725_094621-2-scaled.jpg&quot;); background-position:left top; background-size:contain; background-repeat:no-repeat; '><\/div>\n<div id='slider_1186_slide02' class='sa_hover_container' style='padding:5% 5%; margin:0px 0%; background-image:url(&quot;https:\/\/divadlo.pametnaroda.cz\/media\/sites\/3\/2022\/08\/IMG_20220725_094810-2-scaled.jpg&quot;); background-position:left top; background-size:contain; background-repeat:no-repeat; '><\/div>\n<div id='slider_1186_slide03' class='sa_hover_container' style='padding:5% 5%; margin:0px 0%; background-image:url(&quot;https:\/\/divadlo.pametnaroda.cz\/media\/sites\/3\/2022\/08\/IMG_20220726_142117-scaled.jpg&quot;); background-position:left top; background-size:contain; background-repeat:no-repeat; '><p>Slide content<\/p><\/div>\n<div id='slider_1186_slide04' class='sa_hover_container' style='padding:5% 5%; margin:0px 0%; background-image:url(&quot;https:\/\/divadlo.pametnaroda.cz\/media\/sites\/3\/2022\/08\/IMG_20220726_142014-scaled.jpg&quot;); background-position:left top; background-size:contain; background-repeat:no-repeat; '><\/div>\n<div id='slider_1186_slide05' class='sa_hover_container' style='padding:5% 5%; margin:0px 0%; background-image:url(&quot;https:\/\/divadlo.pametnaroda.cz\/media\/sites\/3\/2022\/08\/IMG_20220726_142636-scaled.jpg&quot;); background-position:left top; background-size:contain; background-repeat:no-repeat; '><\/div>\n<div id='slider_1186_slide06' class='sa_hover_container' style='padding:5% 5%; margin:0px 0%; background-image:url(&quot;https:\/\/divadlo.pametnaroda.cz\/media\/sites\/3\/2022\/08\/IMG_20220726_141435-scaled.jpg&quot;); background-position:left top; background-size:contain; background-repeat:no-repeat; '><\/div>\n<div id='slider_1186_slide07' class='sa_hover_container' style='padding:5% 5%; margin:0px 0%; background-image:url(&quot;https:\/\/divadlo.pametnaroda.cz\/media\/sites\/3\/2022\/08\/IMG_20220730_104245-scaled.jpg&quot;); background-position:left top; background-size:contain; background-repeat:no-repeat; '><\/div>\n<div id='slider_1186_slide08' class='sa_hover_container' style='padding:5% 5%; margin:0px 0%; background-image:url(&quot;https:\/\/divadlo.pametnaroda.cz\/media\/sites\/3\/2022\/08\/IMG_20220730_104259-scaled.jpg&quot;); background-position:left top; background-size:contain; background-repeat:no-repeat; '><\/div>\n<div id='slider_1186_slide09' class='sa_hover_container' style='padding:5% 5%; margin:0px 0%; background-image:url(&quot;https:\/\/divadlo.pametnaroda.cz\/media\/sites\/3\/2022\/08\/IMG_20220729_183835-scaled.jpg&quot;); background-position:left top; background-size:contain; background-repeat:no-repeat; '><\/div>\n<div id='slider_1186_slide10' class='sa_hover_container' style='padding:5% 5%; margin:0px 0%; background-image:url(&quot;https:\/\/divadlo.pametnaroda.cz\/media\/sites\/3\/2022\/08\/IMG_20220728_162334-scaled.jpg&quot;); background-position:left top; background-size:contain; background-repeat:no-repeat; '><\/div>\n<\/div>\n<\/div>\n<script type='text\/javascript'>\n\tjQuery(document).ready(function() {\n\t\tjQuery('#slider_1186').owlCarousel({\n\t\t\tresponsive:{\n\t\t\t\t0:{ items:1 },\n\t\t\t\t480:{ items:2 },\n\t\t\t\t768:{ items:2 },\n\t\t\t\t980:{ items:2 },\n\t\t\t\t1200:{ items:3 },\n\t\t\t\t1500:{ items:4 }\n\t\t\t},\n\t\t\tautoplay : true,\n\t\t\tautoplayTimeout : 5000,\n\t\t\tautoplayHoverPause : true,\n\t\t\tsmartSpeed : 200,\n\t\t\tfluidSpeed : 200,\n\t\t\tautoplaySpeed : 200,\n\t\t\tnavSpeed : 200,\n\t\t\tdotsSpeed : 200,\n\t\t\tloop : true,\n\t\t\tnav : true,\n\t\t\tnavText : ['Previous','Next'],\n\t\t\tdots : true,\n\t\t\tresponsiveRefreshRate : 200,\n\t\t\tslideBy : 1,\n\t\t\tmergeFit : true,\n\t\t\tautoHeight : false,\n\t\t\tmouseDrag : false,\n\t\t\ttouchDrag : true\n\t\t});\n\t\tjQuery('#slider_1186').css('visibility', 'visible');\n\t\tsa_resize_slider_1186();\n\t\twindow.addEventListener('resize', sa_resize_slider_1186);\n\t\tfunction sa_resize_slider_1186() {\n\t\t\tvar min_height = '50';\n\t\t\tvar win_width = jQuery(window).width();\n\t\t\tvar slider_width = jQuery('#slider_1186').width();\n\t\t\tif (win_width < 480) {\n\t\t\t\tvar slide_width = slider_width \/ 1;\n\t\t\t} else if (win_width < 768) {\n\t\t\t\tvar slide_width = slider_width \/ 2;\n\t\t\t} else if (win_width < 980) {\n\t\t\t\tvar slide_width = slider_width \/ 2;\n\t\t\t} else if (win_width < 1200) {\n\t\t\t\tvar slide_width = slider_width \/ 2;\n\t\t\t} else if (win_width < 1500) {\n\t\t\t\tvar slide_width = slider_width \/ 3;\n\t\t\t} else {\n\t\t\t\tvar slide_width = slider_width \/ 4;\n\t\t\t}\n\t\t\tslide_width = Math.round(slide_width);\n\t\t\tvar slide_height = '0';\n\t\t\tif (min_height == 'aspect43') {\n\t\t\t\tslide_height = (slide_width \/ 4) * 3;\t\t\t\tslide_height = Math.round(slide_height);\n\t\t\t} else if (min_height == 'aspect169') {\n\t\t\t\tslide_height = (slide_width \/ 16) * 9;\t\t\t\tslide_height = Math.round(slide_height);\n\t\t\t} else {\n\t\t\t\tslide_height = (slide_width \/ 100) * min_height;\t\t\t\tslide_height = Math.round(slide_height);\n\t\t\t}\n\t\t\tjQuery('#slider_1186 .owl-item .sa_hover_container').css('min-height', slide_height+'px');\n\t\t}\n\t\tvar owl_goto = jQuery('#slider_1186');\n\t\tjQuery('.slider_1186_goto1').click(function(event){\n\t\t\towl_goto.trigger('to.owl.carousel', 0);\n\t\t});\n\t\tjQuery('.slider_1186_goto2').click(function(event){\n\t\t\towl_goto.trigger('to.owl.carousel', 1);\n\t\t});\n\t\tjQuery('.slider_1186_goto3').click(function(event){\n\t\t\towl_goto.trigger('to.owl.carousel', 2);\n\t\t});\n\t\tjQuery('.slider_1186_goto4').click(function(event){\n\t\t\towl_goto.trigger('to.owl.carousel', 3);\n\t\t});\n\t\tjQuery('.slider_1186_goto5').click(function(event){\n\t\t\towl_goto.trigger('to.owl.carousel', 4);\n\t\t});\n\t\tjQuery('.slider_1186_goto6').click(function(event){\n\t\t\towl_goto.trigger('to.owl.carousel', 5);\n\t\t});\n\t\tjQuery('.slider_1186_goto7').click(function(event){\n\t\t\towl_goto.trigger('to.owl.carousel', 6);\n\t\t});\n\t\tjQuery('.slider_1186_goto8').click(function(event){\n\t\t\towl_goto.trigger('to.owl.carousel', 7);\n\t\t});\n\t\tjQuery('.slider_1186_goto9').click(function(event){\n\t\t\towl_goto.trigger('to.owl.carousel', 8);\n\t\t});\n\t\tjQuery('.slider_1186_goto10').click(function(event){\n\t\t\towl_goto.trigger('to.owl.carousel', 9);\n\t\t});\n\t\tvar resize_1186 = jQuery('.owl-carousel');\n\t\tresize_1186.on('initialized.owl.carousel', function(e) {\n\t\t\tif (typeof(Event) === 'function') {\n\t\t\t\twindow.dispatchEvent(new Event('resize'));\n\t\t\t} else {\n\t\t\t\tvar evt = window.document.createEvent('UIEvents');\n\t\t\t\tevt.initUIEvent('resize', true, false, window, 0);\n\t\t\t\twindow.dispatchEvent(evt);\n\t\t\t}\n\t\t});\n\t});\n<\/script>\n\n<p>&nbsp;<\/p>\n<p>&nbsp;<\/p>","protected":false},"excerpt":{"rendered":"<p>25.7-31.7.2022 Zapy\u0161kis, okres Kaunas, Litva N\u00e1\u0161 zp\u016fsob divadeln\u00edho zpracov\u00e1v\u00e1n\u00ed d\u011bjin zaujal komunitn\u00ed centrum Stuba, kter\u00e9 se nach\u00e1z\u00ed v okrese Kaunas v Litv\u011b. Dne 25. \u010dervence jsme zah\u00e1jili t\u00fddenn\u00ed divadeln\u00ed workshop a 17 mlad\u00fdch lid\u00ed jsme sezn\u00e1mili se zp\u016fsobem na\u0161\u00ed pr\u00e1ce. Mlad\u00ed lid\u00e9 vyzpov\u00eddali \u010dty\u0159i m\u00edstn\u00ed pam\u011btn\u00edky. Ti vzpom\u00ednali nap\u0159\u00edklad na up\u00e1len\u00ed Romase Kalanty, mu\u017ee, kter\u00fd se na protest proti okupaci a za\u010dlen\u011bn\u00ed sv\u00e9 vlasti do Sov\u011btsk\u00e9ho svazu up\u00e1lil. \u0158e\u010d byla i o Zp\u00edvaj\u00edc\u00ed revoluci nebo vyhl\u00e1\u0161en\u00ed nez\u00e1vislosti. My jsme jim zase vypr\u00e1v\u011bli o osudu Jana Palacha i okolnostech Sametov\u00e9 revoluce. V\u0161ichni \u00fa\u010dastn\u00edci tak m\u011bli mo\u017enost porovnat d\u011bjiny dvou zem\u00ed. Na konci [&hellip;]<\/p>","protected":false},"author":7,"featured_media":0,"comment_status":"closed","ping_status":"closed","sticky":false,"template":"","format":"standard","meta":{"footnotes":""},"categories":[75],"tags":[],"class_list":["post-1161","post","type-post","status-publish","format-standard","hentry","category-aktuality"],"yoast_head":"<!-- This site is optimized with the Yoast SEO plugin v24.5 - https:\/\/yoast.com\/wordpress\/plugins\/seo\/ -->\n<title>Divadlo Pam\u011bti n\u00e1roda v Litv\u011b - Divadlo Pam\u011bti n\u00e1roda<\/title>\n<meta name=\"robots\" content=\"index, follow, max-snippet:-1, max-image-preview:large, max-video-preview:-1\" \/>\n<link rel=\"canonical\" href=\"https:\/\/divadlo.pametnaroda.cz\/en\/2022\/08\/rozsirujeme-cinnost-divadla-pameti-naroda-i-mimo-hranice-ceske-republiky\/\" \/>\n<meta property=\"og:locale\" content=\"en_GB\" \/>\n<meta property=\"og:type\" content=\"article\" \/>\n<meta property=\"og:title\" content=\"Divadlo Pam\u011bti n\u00e1roda v Litv\u011b - Divadlo Pam\u011bti n\u00e1roda\" \/>\n<meta property=\"og:description\" content=\"25.7-31.7.2022 Zapy\u0161kis, okres Kaunas, Litva N\u00e1\u0161 zp\u016fsob divadeln\u00edho zpracov\u00e1v\u00e1n\u00ed d\u011bjin zaujal komunitn\u00ed centrum Stuba, kter\u00e9 se nach\u00e1z\u00ed v okrese Kaunas v Litv\u011b. Dne 25. \u010dervence jsme zah\u00e1jili t\u00fddenn\u00ed divadeln\u00ed workshop a 17 mlad\u00fdch lid\u00ed jsme sezn\u00e1mili se zp\u016fsobem na\u0161\u00ed pr\u00e1ce. Mlad\u00ed lid\u00e9 vyzpov\u00eddali \u010dty\u0159i m\u00edstn\u00ed pam\u011btn\u00edky. Ti vzpom\u00ednali nap\u0159\u00edklad na up\u00e1len\u00ed Romase Kalanty, mu\u017ee, kter\u00fd se na protest proti okupaci a za\u010dlen\u011bn\u00ed sv\u00e9 vlasti do Sov\u011btsk\u00e9ho svazu up\u00e1lil. \u0158e\u010d byla i o Zp\u00edvaj\u00edc\u00ed revoluci nebo vyhl\u00e1\u0161en\u00ed nez\u00e1vislosti. My jsme jim zase vypr\u00e1v\u011bli o osudu Jana Palacha i okolnostech Sametov\u00e9 revoluce. V\u0161ichni \u00fa\u010dastn\u00edci tak m\u011bli mo\u017enost porovnat d\u011bjiny dvou zem\u00ed. Na konci [&hellip;]\" \/>\n<meta property=\"og:url\" content=\"https:\/\/divadlo.pametnaroda.cz\/en\/2022\/08\/rozsirujeme-cinnost-divadla-pameti-naroda-i-mimo-hranice-ceske-republiky\/\" \/>\n<meta property=\"og:site_name\" content=\"Divadlo Pam\u011bti n\u00e1roda\" \/>\n<meta property=\"article:published_time\" content=\"2022-08-09T09:44:56+00:00\" \/>\n<meta property=\"article:modified_time\" content=\"2025-03-26T13:47:58+00:00\" \/>\n<meta name=\"author\" content=\"Divadlo PN\" \/>\n<meta name=\"twitter:card\" content=\"summary_large_image\" \/>\n<meta name=\"twitter:label1\" content=\"Written by\" \/>\n\t<meta name=\"twitter:data1\" content=\"Divadlo PN\" \/>\n\t<meta name=\"twitter:label2\" content=\"Estimated reading time\" \/>\n\t<meta name=\"twitter:data2\" content=\"1 minute\" \/>\n<script type=\"application\/ld+json\" class=\"yoast-schema-graph\">{\"@context\":\"https:\/\/schema.org\",\"@graph\":[{\"@type\":\"WebPage\",\"@id\":\"https:\/\/divadlo.pametnaroda.cz\/2022\/08\/rozsirujeme-cinnost-divadla-pameti-naroda-i-mimo-hranice-ceske-republiky\/\",\"url\":\"https:\/\/divadlo.pametnaroda.cz\/2022\/08\/rozsirujeme-cinnost-divadla-pameti-naroda-i-mimo-hranice-ceske-republiky\/\",\"name\":\"Divadlo Pam\u011bti n\u00e1roda v Litv\u011b - Divadlo Pam\u011bti n\u00e1roda\",\"isPartOf\":{\"@id\":\"https:\/\/divadlo.pametnaroda.cz\/#website\"},\"datePublished\":\"2022-08-09T09:44:56+00:00\",\"dateModified\":\"2025-03-26T13:47:58+00:00\",\"author\":{\"@id\":\"https:\/\/divadlo.pametnaroda.cz\/#\/schema\/person\/1bd4c1ebef3b90d9cf2eeabf6ed899c2\"},\"breadcrumb\":{\"@id\":\"https:\/\/divadlo.pametnaroda.cz\/2022\/08\/rozsirujeme-cinnost-divadla-pameti-naroda-i-mimo-hranice-ceske-republiky\/#breadcrumb\"},\"inLanguage\":\"en-GB\",\"potentialAction\":[{\"@type\":\"ReadAction\",\"target\":[\"https:\/\/divadlo.pametnaroda.cz\/2022\/08\/rozsirujeme-cinnost-divadla-pameti-naroda-i-mimo-hranice-ceske-republiky\/\"]}]},{\"@type\":\"BreadcrumbList\",\"@id\":\"https:\/\/divadlo.pametnaroda.cz\/2022\/08\/rozsirujeme-cinnost-divadla-pameti-naroda-i-mimo-hranice-ceske-republiky\/#breadcrumb\",\"itemListElement\":[{\"@type\":\"ListItem\",\"position\":1,\"name\":\"Dom\u016f\",\"item\":\"https:\/\/divadlo.pametnaroda.cz\/\"},{\"@type\":\"ListItem\",\"position\":2,\"name\":\"Divadlo Pam\u011bti n\u00e1roda v Litv\u011b\"}]},{\"@type\":\"WebSite\",\"@id\":\"https:\/\/divadlo.pametnaroda.cz\/#website\",\"url\":\"https:\/\/divadlo.pametnaroda.cz\/\",\"name\":\"Divadlo Pam\u011bti n\u00e1roda\",\"description\":\"Vypr\u00e1v\u00edme p\u0159\u00edb\u011bhy 20. stolet\u00ed skrze autentick\u00e1 sv\u011bdectv\u00ed Pam\u011bti n\u00e1roda\",\"potentialAction\":[{\"@type\":\"SearchAction\",\"target\":{\"@type\":\"EntryPoint\",\"urlTemplate\":\"https:\/\/divadlo.pametnaroda.cz\/?s={search_term_string}\"},\"query-input\":{\"@type\":\"PropertyValueSpecification\",\"valueRequired\":true,\"valueName\":\"search_term_string\"}}],\"inLanguage\":\"en-GB\"},{\"@type\":\"Person\",\"@id\":\"https:\/\/divadlo.pametnaroda.cz\/#\/schema\/person\/1bd4c1ebef3b90d9cf2eeabf6ed899c2\",\"name\":\"Divadlo PN\",\"image\":{\"@type\":\"ImageObject\",\"inLanguage\":\"en-GB\",\"@id\":\"https:\/\/divadlo.pametnaroda.cz\/#\/schema\/person\/image\/\",\"url\":\"https:\/\/secure.gravatar.com\/avatar\/8c0eabc35d7908c7150a51872520b359?s=96&d=mm&r=g\",\"contentUrl\":\"https:\/\/secure.gravatar.com\/avatar\/8c0eabc35d7908c7150a51872520b359?s=96&d=mm&r=g\",\"caption\":\"Divadlo PN\"},\"url\":\"https:\/\/divadlo.pametnaroda.cz\/en\/author\/tamarapomoriski\/\"}]}<\/script>\n<!-- \/ Yoast SEO plugin. -->","yoast_head_json":{"title":"Divadlo Pam\u011bti n\u00e1roda v Litv\u011b - Divadlo Pam\u011bti n\u00e1roda","robots":{"index":"index","follow":"follow","max-snippet":"max-snippet:-1","max-image-preview":"max-image-preview:large","max-video-preview":"max-video-preview:-1"},"canonical":"https:\/\/divadlo.pametnaroda.cz\/en\/2022\/08\/rozsirujeme-cinnost-divadla-pameti-naroda-i-mimo-hranice-ceske-republiky\/","og_locale":"en_GB","og_type":"article","og_title":"Divadlo Pam\u011bti n\u00e1roda v Litv\u011b - Divadlo Pam\u011bti n\u00e1roda","og_description":"25.7-31.7.2022 Zapy\u0161kis, okres Kaunas, Litva N\u00e1\u0161 zp\u016fsob divadeln\u00edho zpracov\u00e1v\u00e1n\u00ed d\u011bjin zaujal komunitn\u00ed centrum Stuba, kter\u00e9 se nach\u00e1z\u00ed v okrese Kaunas v Litv\u011b. Dne 25. \u010dervence jsme zah\u00e1jili t\u00fddenn\u00ed divadeln\u00ed workshop a 17 mlad\u00fdch lid\u00ed jsme sezn\u00e1mili se zp\u016fsobem na\u0161\u00ed pr\u00e1ce. Mlad\u00ed lid\u00e9 vyzpov\u00eddali \u010dty\u0159i m\u00edstn\u00ed pam\u011btn\u00edky. Ti vzpom\u00ednali nap\u0159\u00edklad na up\u00e1len\u00ed Romase Kalanty, mu\u017ee, kter\u00fd se na protest proti okupaci a za\u010dlen\u011bn\u00ed sv\u00e9 vlasti do Sov\u011btsk\u00e9ho svazu up\u00e1lil. \u0158e\u010d byla i o Zp\u00edvaj\u00edc\u00ed revoluci nebo vyhl\u00e1\u0161en\u00ed nez\u00e1vislosti. My jsme jim zase vypr\u00e1v\u011bli o osudu Jana Palacha i okolnostech Sametov\u00e9 revoluce. V\u0161ichni \u00fa\u010dastn\u00edci tak m\u011bli mo\u017enost porovnat d\u011bjiny dvou zem\u00ed. Na konci [&hellip;]","og_url":"https:\/\/divadlo.pametnaroda.cz\/en\/2022\/08\/rozsirujeme-cinnost-divadla-pameti-naroda-i-mimo-hranice-ceske-republiky\/","og_site_name":"Divadlo Pam\u011bti n\u00e1roda","article_published_time":"2022-08-09T09:44:56+00:00","article_modified_time":"2025-03-26T13:47:58+00:00","author":"Divadlo PN","twitter_card":"summary_large_image","twitter_misc":{"Written by":"Divadlo PN","Estimated reading time":"1 minute"},"schema":{"@context":"https:\/\/schema.org","@graph":[{"@type":"WebPage","@id":"https:\/\/divadlo.pametnaroda.cz\/2022\/08\/rozsirujeme-cinnost-divadla-pameti-naroda-i-mimo-hranice-ceske-republiky\/","url":"https:\/\/divadlo.pametnaroda.cz\/2022\/08\/rozsirujeme-cinnost-divadla-pameti-naroda-i-mimo-hranice-ceske-republiky\/","name":"Divadlo Pam\u011bti n\u00e1roda v Litv\u011b - Divadlo Pam\u011bti n\u00e1roda","isPartOf":{"@id":"https:\/\/divadlo.pametnaroda.cz\/#website"},"datePublished":"2022-08-09T09:44:56+00:00","dateModified":"2025-03-26T13:47:58+00:00","author":{"@id":"https:\/\/divadlo.pametnaroda.cz\/#\/schema\/person\/1bd4c1ebef3b90d9cf2eeabf6ed899c2"},"breadcrumb":{"@id":"https:\/\/divadlo.pametnaroda.cz\/2022\/08\/rozsirujeme-cinnost-divadla-pameti-naroda-i-mimo-hranice-ceske-republiky\/#breadcrumb"},"inLanguage":"en-GB","potentialAction":[{"@type":"ReadAction","target":["https:\/\/divadlo.pametnaroda.cz\/2022\/08\/rozsirujeme-cinnost-divadla-pameti-naroda-i-mimo-hranice-ceske-republiky\/"]}]},{"@type":"BreadcrumbList","@id":"https:\/\/divadlo.pametnaroda.cz\/2022\/08\/rozsirujeme-cinnost-divadla-pameti-naroda-i-mimo-hranice-ceske-republiky\/#breadcrumb","itemListElement":[{"@type":"ListItem","position":1,"name":"Dom\u016f","item":"https:\/\/divadlo.pametnaroda.cz\/"},{"@type":"ListItem","position":2,"name":"Divadlo Pam\u011bti n\u00e1roda v Litv\u011b"}]},{"@type":"WebSite","@id":"https:\/\/divadlo.pametnaroda.cz\/#website","url":"https:\/\/divadlo.pametnaroda.cz\/","name":"Divadlo Pam\u011bti n\u00e1roda","description":"Vypr\u00e1v\u00edme p\u0159\u00edb\u011bhy 20. stolet\u00ed skrze autentick\u00e1 sv\u011bdectv\u00ed Pam\u011bti n\u00e1roda","potentialAction":[{"@type":"SearchAction","target":{"@type":"EntryPoint","urlTemplate":"https:\/\/divadlo.pametnaroda.cz\/?s={search_term_string}"},"query-input":{"@type":"PropertyValueSpecification","valueRequired":true,"valueName":"search_term_string"}}],"inLanguage":"en-GB"},{"@type":"Person","@id":"https:\/\/divadlo.pametnaroda.cz\/#\/schema\/person\/1bd4c1ebef3b90d9cf2eeabf6ed899c2","name":"Divadlo PN","image":{"@type":"ImageObject","inLanguage":"en-GB","@id":"https:\/\/divadlo.pametnaroda.cz\/#\/schema\/person\/image\/","url":"https:\/\/secure.gravatar.com\/avatar\/8c0eabc35d7908c7150a51872520b359?s=96&d=mm&r=g","contentUrl":"https:\/\/secure.gravatar.com\/avatar\/8c0eabc35d7908c7150a51872520b359?s=96&d=mm&r=g","caption":"Divadlo PN"},"url":"https:\/\/divadlo.pametnaroda.cz\/en\/author\/tamarapomoriski\/"}]}},"_links":{"self":[{"href":"https:\/\/divadlo.pametnaroda.cz\/en\/wp-json\/wp\/v2\/posts\/1161","targetHints":{"allow":["GET"]}}],"collection":[{"href":"https:\/\/divadlo.pametnaroda.cz\/en\/wp-json\/wp\/v2\/posts"}],"about":[{"href":"https:\/\/divadlo.pametnaroda.cz\/en\/wp-json\/wp\/v2\/types\/post"}],"author":[{"embeddable":true,"href":"https:\/\/divadlo.pametnaroda.cz\/en\/wp-json\/wp\/v2\/users\/7"}],"replies":[{"embeddable":true,"href":"https:\/\/divadlo.pametnaroda.cz\/en\/wp-json\/wp\/v2\/comments?post=1161"}],"version-history":[{"count":0,"href":"https:\/\/divadlo.pametnaroda.cz\/en\/wp-json\/wp\/v2\/posts\/1161\/revisions"}],"wp:attachment":[{"href":"https:\/\/divadlo.pametnaroda.cz\/en\/wp-json\/wp\/v2\/media?parent=1161"}],"wp:term":[{"taxonomy":"category","embeddable":true,"href":"https:\/\/divadlo.pametnaroda.cz\/en\/wp-json\/wp\/v2\/categories?post=1161"},{"taxonomy":"post_tag","embeddable":true,"href":"https:\/\/divadlo.pametnaroda.cz\/en\/wp-json\/wp\/v2\/tags?post=1161"}],"curies":[{"name":"wp","href":"https:\/\/api.w.org\/{rel}","templated":true}]}}