{"id":1199,"date":"2022-08-29T11:02:36","date_gmt":"2022-08-29T09:02:36","guid":{"rendered":"https:\/\/divadlo.pametnaroda.cz\/?p=1199"},"modified":"2025-03-26T14:47:42","modified_gmt":"2025-03-26T13:47:42","slug":"divadelni-krouzky-v-novem-skolnim-roce-2022-23","status":"publish","type":"post","link":"https:\/\/divadlo.pametnaroda.cz\/en\/2022\/08\/divadelni-krouzky-v-novem-skolnim-roce-2022-23\/","title":{"rendered":"Divadeln\u00ed krou\u017eky v nov\u00e9m \u0161koln\u00edm roce 2022\/23"},"content":{"rendered":"<p>Dne 19. z\u00e1\u0159\u00ed zahajujeme v Divadle Pam\u011bti n\u00e1roda nov\u00fd \u0161koln\u00ed rok. V tomto t\u00fddnu za\u010dnou pravideln\u00e9 divadeln\u00ed krou\u017eky na n\u011bkolika m\u00edstech v Praze a tak\u00e9 v Brn\u011b, v Ostrav\u011b, v Plzni a nov\u011b i v Liberci a Pardubic\u00edch.<\/p>\n<p>Krou\u017eky jsou otev\u0159en\u00e9 pro d\u011bti a ml\u00e1de\u017e od 12ti do 18ti let a prob\u00edhaj\u00ed jednou t\u00fddn\u011b.<\/p>\n<p>V\u00edce informac\u00ed v sekci\u00a0<a href=\"https:\/\/divadlo.pametnaroda.cz\/en\/krouzky\/\" target=\"_blank\" rel=\"noopener\" data-saferedirecturl=\"https:\/\/www.google.com\/url?q=https:\/\/divadlo.pametnaroda.cz\/krouzky\/&amp;source=gmail&amp;ust=1661849926978000&amp;usg=AOvVaw3xpvUG5V18ZM6gSnb8zyqB\">Krou\u017eky<\/a>. Elektronickou p\u0159ihl\u00e1\u0161ku najdete na odkazu <a href=\"https:\/\/docs.google.com\/forms\/d\/e\/1FAIpQLSeTkMJT8kjvyf6Jowsz3zteQ5WHkm8aV5imCRUhCvBaJGLsZw\/viewform\" target=\"_blank\" rel=\"noopener\">here<\/a>.<\/p>\n<p><a href=\"https:\/\/divadlo.pametnaroda.cz\/media\/sites\/3\/2022\/08\/Anna-Veronika-Krizova-scaled.jpg\"><img decoding=\"async\" class=\"lazyload alignnone wp-image-1200 size-medium\" src=\"data:image\/svg+xml,%3Csvg%20xmlns%3D%27http%3A%2F%2Fwww.w3.org%2F2000%2Fsvg%27%20width%3D%27300%27%20height%3D%27200%27%20viewBox%3D%270%200%20300%20200%27%3E%3Crect%20width%3D%27300%27%20height%3D%27200%27%20fill-opacity%3D%220%22%2F%3E%3C%2Fsvg%3E\" data-orig-src=\"https:\/\/divadlo.pametnaroda.cz\/media\/sites\/3\/2022\/08\/Anna-Veronika-Krizova-300x200.jpg\" alt=\"\" width=\"300\" height=\"200\" \/><\/a><\/p>","protected":false},"excerpt":{"rendered":"<p>Dne 19. z\u00e1\u0159\u00ed zahajujeme v Divadle Pam\u011bti n\u00e1roda nov\u00fd \u0161koln\u00ed rok. V tomto t\u00fddnu za\u010dnou pravideln\u00e9 divadeln\u00ed krou\u017eky na n\u011bkolika m\u00edstech v Praze a tak\u00e9 v Brn\u011b, v Ostrav\u011b, v Plzni a nov\u011b i v Liberci a Pardubic\u00edch. Krou\u017eky jsou otev\u0159en\u00e9 pro d\u011bti a ml\u00e1de\u017e od 12ti do 18ti let a prob\u00edhaj\u00ed jednou t\u00fddn\u011b. V\u00edce informac\u00ed v sekci\u00a0Krou\u017eky. Elektronickou p\u0159ihl\u00e1\u0161ku najdete na odkazu zde.<\/p>","protected":false},"author":7,"featured_media":0,"comment_status":"closed","ping_status":"closed","sticky":false,"template":"","format":"standard","meta":{"footnotes":""},"categories":[75],"tags":[],"class_list":["post-1199","post","type-post","status-publish","format-standard","hentry","category-aktuality"],"yoast_head":"<!-- This site is optimized with the Yoast SEO plugin v24.5 - https:\/\/yoast.com\/wordpress\/plugins\/seo\/ -->\n<title>Divadeln\u00ed krou\u017eky v nov\u00e9m \u0161koln\u00edm roce 2022\/23 - Divadlo Pam\u011bti n\u00e1roda<\/title>\n<meta name=\"robots\" content=\"index, follow, max-snippet:-1, max-image-preview:large, max-video-preview:-1\" \/>\n<link rel=\"canonical\" href=\"https:\/\/divadlo.pametnaroda.cz\/en\/2022\/08\/divadelni-krouzky-v-novem-skolnim-roce-2022-23\/\" \/>\n<meta property=\"og:locale\" content=\"en_GB\" \/>\n<meta property=\"og:type\" content=\"article\" \/>\n<meta property=\"og:title\" content=\"Divadeln\u00ed krou\u017eky v nov\u00e9m \u0161koln\u00edm roce 2022\/23 - Divadlo Pam\u011bti n\u00e1roda\" \/>\n<meta property=\"og:description\" content=\"Dne 19. z\u00e1\u0159\u00ed zahajujeme v Divadle Pam\u011bti n\u00e1roda nov\u00fd \u0161koln\u00ed rok. V tomto t\u00fddnu za\u010dnou pravideln\u00e9 divadeln\u00ed krou\u017eky na n\u011bkolika m\u00edstech v Praze a tak\u00e9 v Brn\u011b, v Ostrav\u011b, v Plzni a nov\u011b i v Liberci a Pardubic\u00edch. Krou\u017eky jsou otev\u0159en\u00e9 pro d\u011bti a ml\u00e1de\u017e od 12ti do 18ti let a prob\u00edhaj\u00ed jednou t\u00fddn\u011b. V\u00edce informac\u00ed v sekci\u00a0Krou\u017eky. Elektronickou p\u0159ihl\u00e1\u0161ku najdete na odkazu zde.\" \/>\n<meta property=\"og:url\" content=\"https:\/\/divadlo.pametnaroda.cz\/en\/2022\/08\/divadelni-krouzky-v-novem-skolnim-roce-2022-23\/\" \/>\n<meta property=\"og:site_name\" content=\"Divadlo Pam\u011bti n\u00e1roda\" \/>\n<meta property=\"article:published_time\" content=\"2022-08-29T09:02:36+00:00\" \/>\n<meta property=\"article:modified_time\" content=\"2025-03-26T13:47:42+00:00\" \/>\n<meta property=\"og:image\" content=\"https:\/\/divadlo.pametnaroda.cz\/media\/sites\/3\/2022\/08\/Anna-Veronika-Krizova-scaled.jpg\" \/>\n\t<meta property=\"og:image:width\" content=\"2560\" \/>\n\t<meta property=\"og:image:height\" content=\"1707\" \/>\n\t<meta property=\"og:image:type\" content=\"image\/jpeg\" \/>\n<meta name=\"author\" content=\"Divadlo PN\" \/>\n<meta name=\"twitter:card\" content=\"summary_large_image\" \/>\n<meta name=\"twitter:label1\" content=\"Written by\" \/>\n\t<meta name=\"twitter:data1\" content=\"Divadlo PN\" \/>\n<script type=\"application\/ld+json\" class=\"yoast-schema-graph\">{\"@context\":\"https:\/\/schema.org\",\"@graph\":[{\"@type\":\"WebPage\",\"@id\":\"https:\/\/divadlo.pametnaroda.cz\/2022\/08\/divadelni-krouzky-v-novem-skolnim-roce-2022-23\/\",\"url\":\"https:\/\/divadlo.pametnaroda.cz\/2022\/08\/divadelni-krouzky-v-novem-skolnim-roce-2022-23\/\",\"name\":\"Divadeln\u00ed krou\u017eky v nov\u00e9m \u0161koln\u00edm roce 2022\/23 - Divadlo Pam\u011bti n\u00e1roda\",\"isPartOf\":{\"@id\":\"https:\/\/divadlo.pametnaroda.cz\/#website\"},\"primaryImageOfPage\":{\"@id\":\"https:\/\/divadlo.pametnaroda.cz\/2022\/08\/divadelni-krouzky-v-novem-skolnim-roce-2022-23\/#primaryimage\"},\"image\":{\"@id\":\"https:\/\/divadlo.pametnaroda.cz\/2022\/08\/divadelni-krouzky-v-novem-skolnim-roce-2022-23\/#primaryimage\"},\"thumbnailUrl\":\"https:\/\/divadlo.pametnaroda.cz\/media\/sites\/3\/2022\/08\/Anna-Veronika-Krizova-300x200.jpg\",\"datePublished\":\"2022-08-29T09:02:36+00:00\",\"dateModified\":\"2025-03-26T13:47:42+00:00\",\"author\":{\"@id\":\"https:\/\/divadlo.pametnaroda.cz\/#\/schema\/person\/1bd4c1ebef3b90d9cf2eeabf6ed899c2\"},\"breadcrumb\":{\"@id\":\"https:\/\/divadlo.pametnaroda.cz\/2022\/08\/divadelni-krouzky-v-novem-skolnim-roce-2022-23\/#breadcrumb\"},\"inLanguage\":\"en-GB\",\"potentialAction\":[{\"@type\":\"ReadAction\",\"target\":[\"https:\/\/divadlo.pametnaroda.cz\/2022\/08\/divadelni-krouzky-v-novem-skolnim-roce-2022-23\/\"]}]},{\"@type\":\"ImageObject\",\"inLanguage\":\"en-GB\",\"@id\":\"https:\/\/divadlo.pametnaroda.cz\/2022\/08\/divadelni-krouzky-v-novem-skolnim-roce-2022-23\/#primaryimage\",\"url\":\"https:\/\/divadlo.pametnaroda.cz\/media\/sites\/3\/2022\/08\/Anna-Veronika-Krizova-300x200.jpg\",\"contentUrl\":\"https:\/\/divadlo.pametnaroda.cz\/media\/sites\/3\/2022\/08\/Anna-Veronika-Krizova-300x200.jpg\"},{\"@type\":\"BreadcrumbList\",\"@id\":\"https:\/\/divadlo.pametnaroda.cz\/2022\/08\/divadelni-krouzky-v-novem-skolnim-roce-2022-23\/#breadcrumb\",\"itemListElement\":[{\"@type\":\"ListItem\",\"position\":1,\"name\":\"Dom\u016f\",\"item\":\"https:\/\/divadlo.pametnaroda.cz\/\"},{\"@type\":\"ListItem\",\"position\":2,\"name\":\"Divadeln\u00ed krou\u017eky v nov\u00e9m \u0161koln\u00edm roce 2022\/23\"}]},{\"@type\":\"WebSite\",\"@id\":\"https:\/\/divadlo.pametnaroda.cz\/#website\",\"url\":\"https:\/\/divadlo.pametnaroda.cz\/\",\"name\":\"Divadlo Pam\u011bti n\u00e1roda\",\"description\":\"Vypr\u00e1v\u00edme p\u0159\u00edb\u011bhy 20. stolet\u00ed skrze autentick\u00e1 sv\u011bdectv\u00ed Pam\u011bti n\u00e1roda\",\"potentialAction\":[{\"@type\":\"SearchAction\",\"target\":{\"@type\":\"EntryPoint\",\"urlTemplate\":\"https:\/\/divadlo.pametnaroda.cz\/?s={search_term_string}\"},\"query-input\":{\"@type\":\"PropertyValueSpecification\",\"valueRequired\":true,\"valueName\":\"search_term_string\"}}],\"inLanguage\":\"en-GB\"},{\"@type\":\"Person\",\"@id\":\"https:\/\/divadlo.pametnaroda.cz\/#\/schema\/person\/1bd4c1ebef3b90d9cf2eeabf6ed899c2\",\"name\":\"Divadlo PN\",\"image\":{\"@type\":\"ImageObject\",\"inLanguage\":\"en-GB\",\"@id\":\"https:\/\/divadlo.pametnaroda.cz\/#\/schema\/person\/image\/\",\"url\":\"https:\/\/secure.gravatar.com\/avatar\/8c0eabc35d7908c7150a51872520b359?s=96&d=mm&r=g\",\"contentUrl\":\"https:\/\/secure.gravatar.com\/avatar\/8c0eabc35d7908c7150a51872520b359?s=96&d=mm&r=g\",\"caption\":\"Divadlo PN\"},\"url\":\"https:\/\/divadlo.pametnaroda.cz\/en\/author\/tamarapomoriski\/\"}]}<\/script>\n<!-- \/ Yoast SEO plugin. -->","yoast_head_json":{"title":"Divadeln\u00ed krou\u017eky v nov\u00e9m \u0161koln\u00edm roce 2022\/23 - Divadlo Pam\u011bti n\u00e1roda","robots":{"index":"index","follow":"follow","max-snippet":"max-snippet:-1","max-image-preview":"max-image-preview:large","max-video-preview":"max-video-preview:-1"},"canonical":"https:\/\/divadlo.pametnaroda.cz\/en\/2022\/08\/divadelni-krouzky-v-novem-skolnim-roce-2022-23\/","og_locale":"en_GB","og_type":"article","og_title":"Divadeln\u00ed krou\u017eky v nov\u00e9m \u0161koln\u00edm roce 2022\/23 - Divadlo Pam\u011bti n\u00e1roda","og_description":"Dne 19. z\u00e1\u0159\u00ed zahajujeme v Divadle Pam\u011bti n\u00e1roda nov\u00fd \u0161koln\u00ed rok. V tomto t\u00fddnu za\u010dnou pravideln\u00e9 divadeln\u00ed krou\u017eky na n\u011bkolika m\u00edstech v Praze a tak\u00e9 v Brn\u011b, v Ostrav\u011b, v Plzni a nov\u011b i v Liberci a Pardubic\u00edch. Krou\u017eky jsou otev\u0159en\u00e9 pro d\u011bti a ml\u00e1de\u017e od 12ti do 18ti let a prob\u00edhaj\u00ed jednou t\u00fddn\u011b. V\u00edce informac\u00ed v sekci\u00a0Krou\u017eky. Elektronickou p\u0159ihl\u00e1\u0161ku najdete na odkazu zde.","og_url":"https:\/\/divadlo.pametnaroda.cz\/en\/2022\/08\/divadelni-krouzky-v-novem-skolnim-roce-2022-23\/","og_site_name":"Divadlo Pam\u011bti n\u00e1roda","article_published_time":"2022-08-29T09:02:36+00:00","article_modified_time":"2025-03-26T13:47:42+00:00","og_image":[{"width":2560,"height":1707,"url":"https:\/\/divadlo.pametnaroda.cz\/media\/sites\/3\/2022\/08\/Anna-Veronika-Krizova-scaled.jpg","type":"image\/jpeg"}],"author":"Divadlo PN","twitter_card":"summary_large_image","twitter_misc":{"Written by":"Divadlo PN"},"schema":{"@context":"https:\/\/schema.org","@graph":[{"@type":"WebPage","@id":"https:\/\/divadlo.pametnaroda.cz\/2022\/08\/divadelni-krouzky-v-novem-skolnim-roce-2022-23\/","url":"https:\/\/divadlo.pametnaroda.cz\/2022\/08\/divadelni-krouzky-v-novem-skolnim-roce-2022-23\/","name":"Divadeln\u00ed krou\u017eky v nov\u00e9m \u0161koln\u00edm roce 2022\/23 - Divadlo Pam\u011bti n\u00e1roda","isPartOf":{"@id":"https:\/\/divadlo.pametnaroda.cz\/#website"},"primaryImageOfPage":{"@id":"https:\/\/divadlo.pametnaroda.cz\/2022\/08\/divadelni-krouzky-v-novem-skolnim-roce-2022-23\/#primaryimage"},"image":{"@id":"https:\/\/divadlo.pametnaroda.cz\/2022\/08\/divadelni-krouzky-v-novem-skolnim-roce-2022-23\/#primaryimage"},"thumbnailUrl":"https:\/\/divadlo.pametnaroda.cz\/media\/sites\/3\/2022\/08\/Anna-Veronika-Krizova-300x200.jpg","datePublished":"2022-08-29T09:02:36+00:00","dateModified":"2025-03-26T13:47:42+00:00","author":{"@id":"https:\/\/divadlo.pametnaroda.cz\/#\/schema\/person\/1bd4c1ebef3b90d9cf2eeabf6ed899c2"},"breadcrumb":{"@id":"https:\/\/divadlo.pametnaroda.cz\/2022\/08\/divadelni-krouzky-v-novem-skolnim-roce-2022-23\/#breadcrumb"},"inLanguage":"en-GB","potentialAction":[{"@type":"ReadAction","target":["https:\/\/divadlo.pametnaroda.cz\/2022\/08\/divadelni-krouzky-v-novem-skolnim-roce-2022-23\/"]}]},{"@type":"ImageObject","inLanguage":"en-GB","@id":"https:\/\/divadlo.pametnaroda.cz\/2022\/08\/divadelni-krouzky-v-novem-skolnim-roce-2022-23\/#primaryimage","url":"https:\/\/divadlo.pametnaroda.cz\/media\/sites\/3\/2022\/08\/Anna-Veronika-Krizova-300x200.jpg","contentUrl":"https:\/\/divadlo.pametnaroda.cz\/media\/sites\/3\/2022\/08\/Anna-Veronika-Krizova-300x200.jpg"},{"@type":"BreadcrumbList","@id":"https:\/\/divadlo.pametnaroda.cz\/2022\/08\/divadelni-krouzky-v-novem-skolnim-roce-2022-23\/#breadcrumb","itemListElement":[{"@type":"ListItem","position":1,"name":"Dom\u016f","item":"https:\/\/divadlo.pametnaroda.cz\/"},{"@type":"ListItem","position":2,"name":"Divadeln\u00ed krou\u017eky v nov\u00e9m \u0161koln\u00edm roce 2022\/23"}]},{"@type":"WebSite","@id":"https:\/\/divadlo.pametnaroda.cz\/#website","url":"https:\/\/divadlo.pametnaroda.cz\/","name":"Divadlo Pam\u011bti n\u00e1roda","description":"Vypr\u00e1v\u00edme p\u0159\u00edb\u011bhy 20. stolet\u00ed skrze autentick\u00e1 sv\u011bdectv\u00ed Pam\u011bti n\u00e1roda","potentialAction":[{"@type":"SearchAction","target":{"@type":"EntryPoint","urlTemplate":"https:\/\/divadlo.pametnaroda.cz\/?s={search_term_string}"},"query-input":{"@type":"PropertyValueSpecification","valueRequired":true,"valueName":"search_term_string"}}],"inLanguage":"en-GB"},{"@type":"Person","@id":"https:\/\/divadlo.pametnaroda.cz\/#\/schema\/person\/1bd4c1ebef3b90d9cf2eeabf6ed899c2","name":"Divadlo PN","image":{"@type":"ImageObject","inLanguage":"en-GB","@id":"https:\/\/divadlo.pametnaroda.cz\/#\/schema\/person\/image\/","url":"https:\/\/secure.gravatar.com\/avatar\/8c0eabc35d7908c7150a51872520b359?s=96&d=mm&r=g","contentUrl":"https:\/\/secure.gravatar.com\/avatar\/8c0eabc35d7908c7150a51872520b359?s=96&d=mm&r=g","caption":"Divadlo PN"},"url":"https:\/\/divadlo.pametnaroda.cz\/en\/author\/tamarapomoriski\/"}]}},"_links":{"self":[{"href":"https:\/\/divadlo.pametnaroda.cz\/en\/wp-json\/wp\/v2\/posts\/1199","targetHints":{"allow":["GET"]}}],"collection":[{"href":"https:\/\/divadlo.pametnaroda.cz\/en\/wp-json\/wp\/v2\/posts"}],"about":[{"href":"https:\/\/divadlo.pametnaroda.cz\/en\/wp-json\/wp\/v2\/types\/post"}],"author":[{"embeddable":true,"href":"https:\/\/divadlo.pametnaroda.cz\/en\/wp-json\/wp\/v2\/users\/7"}],"replies":[{"embeddable":true,"href":"https:\/\/divadlo.pametnaroda.cz\/en\/wp-json\/wp\/v2\/comments?post=1199"}],"version-history":[{"count":0,"href":"https:\/\/divadlo.pametnaroda.cz\/en\/wp-json\/wp\/v2\/posts\/1199\/revisions"}],"wp:attachment":[{"href":"https:\/\/divadlo.pametnaroda.cz\/en\/wp-json\/wp\/v2\/media?parent=1199"}],"wp:term":[{"taxonomy":"category","embeddable":true,"href":"https:\/\/divadlo.pametnaroda.cz\/en\/wp-json\/wp\/v2\/categories?post=1199"},{"taxonomy":"post_tag","embeddable":true,"href":"https:\/\/divadlo.pametnaroda.cz\/en\/wp-json\/wp\/v2\/tags?post=1199"}],"curies":[{"name":"wp","href":"https:\/\/api.w.org\/{rel}","templated":true}]}}