{"id":1212,"date":"2022-10-26T10:32:11","date_gmt":"2022-10-26T08:32:11","guid":{"rendered":"https:\/\/divadlo.pametnaroda.cz\/?p=1212"},"modified":"2025-03-26T14:46:39","modified_gmt":"2025-03-26T13:46:39","slug":"mezigeneracni-divadelni-dilna-pro-seniory-a-studenty","status":"publish","type":"post","link":"https:\/\/divadlo.pametnaroda.cz\/en\/2022\/10\/mezigeneracni-divadelni-dilna-pro-seniory-a-studenty\/","title":{"rendered":"Mezigenera\u010dn\u00ed divadeln\u00ed d\u00edlna"},"content":{"rendered":"<p><strong>28.-29.11.2022<\/strong><\/p>\r\n<p><strong>Gymn\u00e1zium Pam\u011bti n\u00e1roda, Praha<\/strong><\/p>\r\n\r\n\r\n\r\n<p>Divadlo Pam\u011bti n\u00e1roda po\u0159\u00e1d\u00e1 Mezigenera\u010dn\u00ed divadeln\u00ed d\u00edlnu pro \u00fa\u010dastn\u00edky star\u0161\u00ed\u00a055\u00a0let a studenty. T\u00e9matem je VZD\u011aL\u00c1V\u00c1N\u00cd a c\u00edlem spole\u010dn\u00e1 divadeln\u00ed tvorba, sd\u00edlen\u00ed postoj\u016f k t\u00e9matu a vzpom\u00ednek ze \u0161koly.\u00a0<\/p>\r\n\r\n\r\n\r\n<p>Jak by podle v\u00e1s vypadala ide\u00e1ln\u00ed \u0161kola? Jak\u00fd byl nejd\u016fle\u017eit\u011bj\u0161\u00ed den ve va\u0161\u00ed \u0161kole?<\/p>\r\n\r\n\r\n\r\n<p>Studenti Gymn\u00e1zia Pam\u011bti n\u00e1roda a dosp\u011bl\u00ed \u00fa\u010dastn\u00edci budou spole\u010dn\u011b nal\u00e9zat odpov\u011bdi p\u0159i hereck\u00fdch hr\u00e1ch a sezn\u00e1m\u00ed se se z\u00e1klady dramaturgie a storytellingu. D\u00edlna bude prostorem pro sd\u00edlen\u00ed zku\u0161enost\u00ed a tak\u00e9 pro p\u0159\u00e1telsk\u00e9 setk\u00e1n\u00ed.\u00a0<\/p>\r\n\r\n\r\n\r\n<p>Srde\u010dn\u011b zveme star\u0161\u00ed ro\u010dn\u00edky, kte\u0159\u00ed r\u00e1di tvo\u0159\u00ed, k \u00fa\u010dasti na na\u0161\u00ed d\u00edln\u011b.\u00a0Mohou se k n\u00e1m p\u0159idat 28.11. od 13.30 &#8211; 16.30 hod. a 29.11. od 9.30 &#8211; 12.30.<\/p>\r\n\r\n\r\n\r\n<p>Pro bli\u017e\u0161\u00ed informace a p\u0159ihl\u00e1\u0161en\u00ed n\u00e1m napi\u0161te na\u00a0<a href=\"mailto:divadlo@postbellum.cz\" target=\"_blank\" rel=\"noreferrer noopener\">divadlo@postbellum.cz<\/a><\/p>\r\n\r\n\r\n\r\n<figure class=\"wp-block-image size-large\"><a href=\"https:\/\/divadlo.pametnaroda.cz\/media\/sites\/3\/2022\/10\/20211111_3488-scaled.jpg\"><img decoding=\"async\" class=\"lazyload alignnone wp-image-1213 size-medium\" src=\"data:image\/svg+xml,%3Csvg%20xmlns%3D%27http%3A%2F%2Fwww.w3.org%2F2000%2Fsvg%27%20width%3D%27300%27%20height%3D%27200%27%20viewBox%3D%270%200%20300%20200%27%3E%3Crect%20width%3D%27300%27%20height%3D%27200%27%20fill-opacity%3D%220%22%2F%3E%3C%2Fsvg%3E\" data-orig-src=\"https:\/\/divadlo.pametnaroda.cz\/media\/sites\/3\/2022\/10\/20211111_3488-300x200.jpg\" alt=\"\" width=\"300\" height=\"200\" \/><\/a><\/figure>\r\n\r\n\r\n\r\n<p>Foto: Vojta Brtnick\u00fd<\/p>","protected":false},"excerpt":{"rendered":"<p>28.-29.11.2022 Gymn\u00e1zium Pam\u011bti n\u00e1roda, Praha Divadlo Pam\u011bti n\u00e1roda po\u0159\u00e1d\u00e1 Mezigenera\u010dn\u00ed divadeln\u00ed d\u00edlnu pro \u00fa\u010dastn\u00edky star\u0161\u00ed\u00a055\u00a0let a studenty. T\u00e9matem je VZD\u011aL\u00c1V\u00c1N\u00cd a c\u00edlem spole\u010dn\u00e1 divadeln\u00ed tvorba, sd\u00edlen\u00ed postoj\u016f k t\u00e9matu a vzpom\u00ednek ze \u0161koly.\u00a0 Jak by podle v\u00e1s vypadala ide\u00e1ln\u00ed \u0161kola? Jak\u00fd byl nejd\u016fle\u017eit\u011bj\u0161\u00ed den ve va\u0161\u00ed \u0161kole? Studenti Gymn\u00e1zia Pam\u011bti n\u00e1roda a dosp\u011bl\u00ed \u00fa\u010dastn\u00edci budou spole\u010dn\u011b nal\u00e9zat odpov\u011bdi p\u0159i hereck\u00fdch hr\u00e1ch a sezn\u00e1m\u00ed se se z\u00e1klady dramaturgie a storytellingu. D\u00edlna bude prostorem pro sd\u00edlen\u00ed zku\u0161enost\u00ed a tak\u00e9 pro p\u0159\u00e1telsk\u00e9 setk\u00e1n\u00ed.\u00a0 Srde\u010dn\u011b zveme star\u0161\u00ed ro\u010dn\u00edky, kte\u0159\u00ed r\u00e1di tvo\u0159\u00ed, k \u00fa\u010dasti na na\u0161\u00ed d\u00edln\u011b.\u00a0Mohou se k n\u00e1m p\u0159idat 28.11. od 13.30 &#8211; 16.30 [&hellip;]<\/p>","protected":false},"author":7,"featured_media":0,"comment_status":"closed","ping_status":"closed","sticky":false,"template":"","format":"standard","meta":{"footnotes":""},"categories":[75],"tags":[],"class_list":["post-1212","post","type-post","status-publish","format-standard","hentry","category-aktuality"],"yoast_head":"<!-- This site is optimized with the Yoast SEO plugin v24.5 - https:\/\/yoast.com\/wordpress\/plugins\/seo\/ -->\n<title>Mezigenera\u010dn\u00ed divadeln\u00ed d\u00edlna - Divadlo Pam\u011bti n\u00e1roda<\/title>\n<meta name=\"robots\" content=\"index, follow, max-snippet:-1, max-image-preview:large, max-video-preview:-1\" \/>\n<link rel=\"canonical\" href=\"https:\/\/divadlo.pametnaroda.cz\/en\/2022\/10\/mezigeneracni-divadelni-dilna-pro-seniory-a-studenty\/\" \/>\n<meta property=\"og:locale\" content=\"en_GB\" \/>\n<meta property=\"og:type\" content=\"article\" \/>\n<meta property=\"og:title\" content=\"Mezigenera\u010dn\u00ed divadeln\u00ed d\u00edlna - Divadlo Pam\u011bti n\u00e1roda\" \/>\n<meta property=\"og:description\" content=\"28.-29.11.2022 Gymn\u00e1zium Pam\u011bti n\u00e1roda, Praha Divadlo Pam\u011bti n\u00e1roda po\u0159\u00e1d\u00e1 Mezigenera\u010dn\u00ed divadeln\u00ed d\u00edlnu pro \u00fa\u010dastn\u00edky star\u0161\u00ed\u00a055\u00a0let a studenty. T\u00e9matem je VZD\u011aL\u00c1V\u00c1N\u00cd a c\u00edlem spole\u010dn\u00e1 divadeln\u00ed tvorba, sd\u00edlen\u00ed postoj\u016f k t\u00e9matu a vzpom\u00ednek ze \u0161koly.\u00a0 Jak by podle v\u00e1s vypadala ide\u00e1ln\u00ed \u0161kola? Jak\u00fd byl nejd\u016fle\u017eit\u011bj\u0161\u00ed den ve va\u0161\u00ed \u0161kole? Studenti Gymn\u00e1zia Pam\u011bti n\u00e1roda a dosp\u011bl\u00ed \u00fa\u010dastn\u00edci budou spole\u010dn\u011b nal\u00e9zat odpov\u011bdi p\u0159i hereck\u00fdch hr\u00e1ch a sezn\u00e1m\u00ed se se z\u00e1klady dramaturgie a storytellingu. D\u00edlna bude prostorem pro sd\u00edlen\u00ed zku\u0161enost\u00ed a tak\u00e9 pro p\u0159\u00e1telsk\u00e9 setk\u00e1n\u00ed.\u00a0 Srde\u010dn\u011b zveme star\u0161\u00ed ro\u010dn\u00edky, kte\u0159\u00ed r\u00e1di tvo\u0159\u00ed, k \u00fa\u010dasti na na\u0161\u00ed d\u00edln\u011b.\u00a0Mohou se k n\u00e1m p\u0159idat 28.11. od 13.30 &#8211; 16.30 [&hellip;]\" \/>\n<meta property=\"og:url\" content=\"https:\/\/divadlo.pametnaroda.cz\/en\/2022\/10\/mezigeneracni-divadelni-dilna-pro-seniory-a-studenty\/\" \/>\n<meta property=\"og:site_name\" content=\"Divadlo Pam\u011bti n\u00e1roda\" \/>\n<meta property=\"article:published_time\" content=\"2022-10-26T08:32:11+00:00\" \/>\n<meta property=\"article:modified_time\" content=\"2025-03-26T13:46:39+00:00\" \/>\n<meta property=\"og:image\" content=\"https:\/\/divadlo.pametnaroda.cz\/media\/sites\/3\/2022\/10\/20211111_3488-scaled.jpg\" \/>\n\t<meta property=\"og:image:width\" content=\"2560\" \/>\n\t<meta property=\"og:image:height\" content=\"1707\" \/>\n\t<meta property=\"og:image:type\" content=\"image\/jpeg\" \/>\n<meta name=\"author\" content=\"Divadlo PN\" \/>\n<meta name=\"twitter:card\" content=\"summary_large_image\" \/>\n<meta name=\"twitter:label1\" content=\"Written by\" \/>\n\t<meta name=\"twitter:data1\" content=\"Divadlo PN\" \/>\n\t<meta name=\"twitter:label2\" content=\"Estimated reading time\" \/>\n\t<meta name=\"twitter:data2\" content=\"1 minute\" \/>\n<script type=\"application\/ld+json\" class=\"yoast-schema-graph\">{\"@context\":\"https:\/\/schema.org\",\"@graph\":[{\"@type\":\"WebPage\",\"@id\":\"https:\/\/divadlo.pametnaroda.cz\/2022\/10\/mezigeneracni-divadelni-dilna-pro-seniory-a-studenty\/\",\"url\":\"https:\/\/divadlo.pametnaroda.cz\/2022\/10\/mezigeneracni-divadelni-dilna-pro-seniory-a-studenty\/\",\"name\":\"Mezigenera\u010dn\u00ed divadeln\u00ed d\u00edlna - Divadlo Pam\u011bti n\u00e1roda\",\"isPartOf\":{\"@id\":\"https:\/\/divadlo.pametnaroda.cz\/#website\"},\"primaryImageOfPage\":{\"@id\":\"https:\/\/divadlo.pametnaroda.cz\/2022\/10\/mezigeneracni-divadelni-dilna-pro-seniory-a-studenty\/#primaryimage\"},\"image\":{\"@id\":\"https:\/\/divadlo.pametnaroda.cz\/2022\/10\/mezigeneracni-divadelni-dilna-pro-seniory-a-studenty\/#primaryimage\"},\"thumbnailUrl\":\"https:\/\/divadlo.pametnaroda.cz\/media\/sites\/3\/2022\/10\/20211111_3488-300x200.jpg\",\"datePublished\":\"2022-10-26T08:32:11+00:00\",\"dateModified\":\"2025-03-26T13:46:39+00:00\",\"author\":{\"@id\":\"https:\/\/divadlo.pametnaroda.cz\/#\/schema\/person\/1bd4c1ebef3b90d9cf2eeabf6ed899c2\"},\"breadcrumb\":{\"@id\":\"https:\/\/divadlo.pametnaroda.cz\/2022\/10\/mezigeneracni-divadelni-dilna-pro-seniory-a-studenty\/#breadcrumb\"},\"inLanguage\":\"en-GB\",\"potentialAction\":[{\"@type\":\"ReadAction\",\"target\":[\"https:\/\/divadlo.pametnaroda.cz\/2022\/10\/mezigeneracni-divadelni-dilna-pro-seniory-a-studenty\/\"]}]},{\"@type\":\"ImageObject\",\"inLanguage\":\"en-GB\",\"@id\":\"https:\/\/divadlo.pametnaroda.cz\/2022\/10\/mezigeneracni-divadelni-dilna-pro-seniory-a-studenty\/#primaryimage\",\"url\":\"https:\/\/divadlo.pametnaroda.cz\/media\/sites\/3\/2022\/10\/20211111_3488-300x200.jpg\",\"contentUrl\":\"https:\/\/divadlo.pametnaroda.cz\/media\/sites\/3\/2022\/10\/20211111_3488-300x200.jpg\"},{\"@type\":\"BreadcrumbList\",\"@id\":\"https:\/\/divadlo.pametnaroda.cz\/2022\/10\/mezigeneracni-divadelni-dilna-pro-seniory-a-studenty\/#breadcrumb\",\"itemListElement\":[{\"@type\":\"ListItem\",\"position\":1,\"name\":\"Dom\u016f\",\"item\":\"https:\/\/divadlo.pametnaroda.cz\/\"},{\"@type\":\"ListItem\",\"position\":2,\"name\":\"Mezigenera\u010dn\u00ed divadeln\u00ed d\u00edlna\"}]},{\"@type\":\"WebSite\",\"@id\":\"https:\/\/divadlo.pametnaroda.cz\/#website\",\"url\":\"https:\/\/divadlo.pametnaroda.cz\/\",\"name\":\"Divadlo Pam\u011bti n\u00e1roda\",\"description\":\"Vypr\u00e1v\u00edme p\u0159\u00edb\u011bhy 20. stolet\u00ed skrze autentick\u00e1 sv\u011bdectv\u00ed Pam\u011bti n\u00e1roda\",\"potentialAction\":[{\"@type\":\"SearchAction\",\"target\":{\"@type\":\"EntryPoint\",\"urlTemplate\":\"https:\/\/divadlo.pametnaroda.cz\/?s={search_term_string}\"},\"query-input\":{\"@type\":\"PropertyValueSpecification\",\"valueRequired\":true,\"valueName\":\"search_term_string\"}}],\"inLanguage\":\"en-GB\"},{\"@type\":\"Person\",\"@id\":\"https:\/\/divadlo.pametnaroda.cz\/#\/schema\/person\/1bd4c1ebef3b90d9cf2eeabf6ed899c2\",\"name\":\"Divadlo PN\",\"image\":{\"@type\":\"ImageObject\",\"inLanguage\":\"en-GB\",\"@id\":\"https:\/\/divadlo.pametnaroda.cz\/#\/schema\/person\/image\/\",\"url\":\"https:\/\/secure.gravatar.com\/avatar\/8c0eabc35d7908c7150a51872520b359?s=96&d=mm&r=g\",\"contentUrl\":\"https:\/\/secure.gravatar.com\/avatar\/8c0eabc35d7908c7150a51872520b359?s=96&d=mm&r=g\",\"caption\":\"Divadlo PN\"},\"url\":\"https:\/\/divadlo.pametnaroda.cz\/en\/author\/tamarapomoriski\/\"}]}<\/script>\n<!-- \/ Yoast SEO plugin. -->","yoast_head_json":{"title":"Mezigenera\u010dn\u00ed divadeln\u00ed d\u00edlna - Divadlo Pam\u011bti n\u00e1roda","robots":{"index":"index","follow":"follow","max-snippet":"max-snippet:-1","max-image-preview":"max-image-preview:large","max-video-preview":"max-video-preview:-1"},"canonical":"https:\/\/divadlo.pametnaroda.cz\/en\/2022\/10\/mezigeneracni-divadelni-dilna-pro-seniory-a-studenty\/","og_locale":"en_GB","og_type":"article","og_title":"Mezigenera\u010dn\u00ed divadeln\u00ed d\u00edlna - Divadlo Pam\u011bti n\u00e1roda","og_description":"28.-29.11.2022 Gymn\u00e1zium Pam\u011bti n\u00e1roda, Praha Divadlo Pam\u011bti n\u00e1roda po\u0159\u00e1d\u00e1 Mezigenera\u010dn\u00ed divadeln\u00ed d\u00edlnu pro \u00fa\u010dastn\u00edky star\u0161\u00ed\u00a055\u00a0let a studenty. T\u00e9matem je VZD\u011aL\u00c1V\u00c1N\u00cd a c\u00edlem spole\u010dn\u00e1 divadeln\u00ed tvorba, sd\u00edlen\u00ed postoj\u016f k t\u00e9matu a vzpom\u00ednek ze \u0161koly.\u00a0 Jak by podle v\u00e1s vypadala ide\u00e1ln\u00ed \u0161kola? Jak\u00fd byl nejd\u016fle\u017eit\u011bj\u0161\u00ed den ve va\u0161\u00ed \u0161kole? Studenti Gymn\u00e1zia Pam\u011bti n\u00e1roda a dosp\u011bl\u00ed \u00fa\u010dastn\u00edci budou spole\u010dn\u011b nal\u00e9zat odpov\u011bdi p\u0159i hereck\u00fdch hr\u00e1ch a sezn\u00e1m\u00ed se se z\u00e1klady dramaturgie a storytellingu. D\u00edlna bude prostorem pro sd\u00edlen\u00ed zku\u0161enost\u00ed a tak\u00e9 pro p\u0159\u00e1telsk\u00e9 setk\u00e1n\u00ed.\u00a0 Srde\u010dn\u011b zveme star\u0161\u00ed ro\u010dn\u00edky, kte\u0159\u00ed r\u00e1di tvo\u0159\u00ed, k \u00fa\u010dasti na na\u0161\u00ed d\u00edln\u011b.\u00a0Mohou se k n\u00e1m p\u0159idat 28.11. od 13.30 &#8211; 16.30 [&hellip;]","og_url":"https:\/\/divadlo.pametnaroda.cz\/en\/2022\/10\/mezigeneracni-divadelni-dilna-pro-seniory-a-studenty\/","og_site_name":"Divadlo Pam\u011bti n\u00e1roda","article_published_time":"2022-10-26T08:32:11+00:00","article_modified_time":"2025-03-26T13:46:39+00:00","og_image":[{"width":2560,"height":1707,"url":"https:\/\/divadlo.pametnaroda.cz\/media\/sites\/3\/2022\/10\/20211111_3488-scaled.jpg","type":"image\/jpeg"}],"author":"Divadlo PN","twitter_card":"summary_large_image","twitter_misc":{"Written by":"Divadlo PN","Estimated reading time":"1 minute"},"schema":{"@context":"https:\/\/schema.org","@graph":[{"@type":"WebPage","@id":"https:\/\/divadlo.pametnaroda.cz\/2022\/10\/mezigeneracni-divadelni-dilna-pro-seniory-a-studenty\/","url":"https:\/\/divadlo.pametnaroda.cz\/2022\/10\/mezigeneracni-divadelni-dilna-pro-seniory-a-studenty\/","name":"Mezigenera\u010dn\u00ed divadeln\u00ed d\u00edlna - Divadlo Pam\u011bti n\u00e1roda","isPartOf":{"@id":"https:\/\/divadlo.pametnaroda.cz\/#website"},"primaryImageOfPage":{"@id":"https:\/\/divadlo.pametnaroda.cz\/2022\/10\/mezigeneracni-divadelni-dilna-pro-seniory-a-studenty\/#primaryimage"},"image":{"@id":"https:\/\/divadlo.pametnaroda.cz\/2022\/10\/mezigeneracni-divadelni-dilna-pro-seniory-a-studenty\/#primaryimage"},"thumbnailUrl":"https:\/\/divadlo.pametnaroda.cz\/media\/sites\/3\/2022\/10\/20211111_3488-300x200.jpg","datePublished":"2022-10-26T08:32:11+00:00","dateModified":"2025-03-26T13:46:39+00:00","author":{"@id":"https:\/\/divadlo.pametnaroda.cz\/#\/schema\/person\/1bd4c1ebef3b90d9cf2eeabf6ed899c2"},"breadcrumb":{"@id":"https:\/\/divadlo.pametnaroda.cz\/2022\/10\/mezigeneracni-divadelni-dilna-pro-seniory-a-studenty\/#breadcrumb"},"inLanguage":"en-GB","potentialAction":[{"@type":"ReadAction","target":["https:\/\/divadlo.pametnaroda.cz\/2022\/10\/mezigeneracni-divadelni-dilna-pro-seniory-a-studenty\/"]}]},{"@type":"ImageObject","inLanguage":"en-GB","@id":"https:\/\/divadlo.pametnaroda.cz\/2022\/10\/mezigeneracni-divadelni-dilna-pro-seniory-a-studenty\/#primaryimage","url":"https:\/\/divadlo.pametnaroda.cz\/media\/sites\/3\/2022\/10\/20211111_3488-300x200.jpg","contentUrl":"https:\/\/divadlo.pametnaroda.cz\/media\/sites\/3\/2022\/10\/20211111_3488-300x200.jpg"},{"@type":"BreadcrumbList","@id":"https:\/\/divadlo.pametnaroda.cz\/2022\/10\/mezigeneracni-divadelni-dilna-pro-seniory-a-studenty\/#breadcrumb","itemListElement":[{"@type":"ListItem","position":1,"name":"Dom\u016f","item":"https:\/\/divadlo.pametnaroda.cz\/"},{"@type":"ListItem","position":2,"name":"Mezigenera\u010dn\u00ed divadeln\u00ed d\u00edlna"}]},{"@type":"WebSite","@id":"https:\/\/divadlo.pametnaroda.cz\/#website","url":"https:\/\/divadlo.pametnaroda.cz\/","name":"Divadlo Pam\u011bti n\u00e1roda","description":"Vypr\u00e1v\u00edme p\u0159\u00edb\u011bhy 20. stolet\u00ed skrze autentick\u00e1 sv\u011bdectv\u00ed Pam\u011bti n\u00e1roda","potentialAction":[{"@type":"SearchAction","target":{"@type":"EntryPoint","urlTemplate":"https:\/\/divadlo.pametnaroda.cz\/?s={search_term_string}"},"query-input":{"@type":"PropertyValueSpecification","valueRequired":true,"valueName":"search_term_string"}}],"inLanguage":"en-GB"},{"@type":"Person","@id":"https:\/\/divadlo.pametnaroda.cz\/#\/schema\/person\/1bd4c1ebef3b90d9cf2eeabf6ed899c2","name":"Divadlo PN","image":{"@type":"ImageObject","inLanguage":"en-GB","@id":"https:\/\/divadlo.pametnaroda.cz\/#\/schema\/person\/image\/","url":"https:\/\/secure.gravatar.com\/avatar\/8c0eabc35d7908c7150a51872520b359?s=96&d=mm&r=g","contentUrl":"https:\/\/secure.gravatar.com\/avatar\/8c0eabc35d7908c7150a51872520b359?s=96&d=mm&r=g","caption":"Divadlo PN"},"url":"https:\/\/divadlo.pametnaroda.cz\/en\/author\/tamarapomoriski\/"}]}},"_links":{"self":[{"href":"https:\/\/divadlo.pametnaroda.cz\/en\/wp-json\/wp\/v2\/posts\/1212","targetHints":{"allow":["GET"]}}],"collection":[{"href":"https:\/\/divadlo.pametnaroda.cz\/en\/wp-json\/wp\/v2\/posts"}],"about":[{"href":"https:\/\/divadlo.pametnaroda.cz\/en\/wp-json\/wp\/v2\/types\/post"}],"author":[{"embeddable":true,"href":"https:\/\/divadlo.pametnaroda.cz\/en\/wp-json\/wp\/v2\/users\/7"}],"replies":[{"embeddable":true,"href":"https:\/\/divadlo.pametnaroda.cz\/en\/wp-json\/wp\/v2\/comments?post=1212"}],"version-history":[{"count":0,"href":"https:\/\/divadlo.pametnaroda.cz\/en\/wp-json\/wp\/v2\/posts\/1212\/revisions"}],"wp:attachment":[{"href":"https:\/\/divadlo.pametnaroda.cz\/en\/wp-json\/wp\/v2\/media?parent=1212"}],"wp:term":[{"taxonomy":"category","embeddable":true,"href":"https:\/\/divadlo.pametnaroda.cz\/en\/wp-json\/wp\/v2\/categories?post=1212"},{"taxonomy":"post_tag","embeddable":true,"href":"https:\/\/divadlo.pametnaroda.cz\/en\/wp-json\/wp\/v2\/tags?post=1212"}],"curies":[{"name":"wp","href":"https:\/\/api.w.org\/{rel}","templated":true}]}}