{"id":1249,"date":"2022-12-01T14:18:20","date_gmt":"2022-12-01T13:18:20","guid":{"rendered":"https:\/\/divadlo.pametnaroda.cz\/?p=1249"},"modified":"2025-03-26T14:46:06","modified_gmt":"2025-03-26T13:46:06","slug":"divadlo-napric-generacemi-se-studenty-gpn","status":"publish","type":"post","link":"https:\/\/divadlo.pametnaroda.cz\/en\/2022\/12\/divadlo-napric-generacemi-se-studenty-gpn\/","title":{"rendered":"Divadlo nap\u0159\u00ed\u010d generacemi se studenty GPN"},"content":{"rendered":"<p>29. 11. 2022<\/p>\n<p><span style=\"font-weight: 400\">Ve dnech 29. a 30. listopadu 2022 se v prostor\u00e1ch Gymn\u00e1zia Pam\u011bti n\u00e1roda konala mezigenera\u010dn\u00ed divadeln\u00ed d\u00edlna na t\u00e9ma Vzd\u011bl\u00e1v\u00e1n\u00ed. Krom\u011b p\u0159edstav o ide\u00e1ln\u00ed \u0161kole si \u00fa\u010dastn\u00edci vz\u00e1jemn\u011b vym\u011b\u0148ovaly zku\u0161enosti s neform\u00e1ln\u00edm vzd\u011bl\u00e1v\u00e1n\u00edm a \u0161kolou v minulosti a dnes. Sezn\u00e1mili se rovn\u011b\u017e s p\u0159\u00edb\u011bhem R\u016f\u017eeny Vackov\u00e9, profesorky archeologie, teatrolo\u017eky a esteti\u010dky, kter\u00e1 byla v\u011bzn\u011bn\u00e1 v 50. letech a ve v\u011bzen\u00ed vyu\u010dovala.<\/span><\/p>\n<p><a href=\"https:\/\/divadlo.pametnaroda.cz\/media\/sites\/3\/2022\/12\/Divadlo-napric-generacemi-se-studenty-GPN-scaled.jpg\"><img decoding=\"async\" class=\"lazyload alignnone wp-image-1255 size-medium\" src=\"data:image\/svg+xml,%3Csvg%20xmlns%3D%27http%3A%2F%2Fwww.w3.org%2F2000%2Fsvg%27%20width%3D%27300%27%20height%3D%27169%27%20viewBox%3D%270%200%20300%20169%27%3E%3Crect%20width%3D%27300%27%20height%3D%27169%27%20fill-opacity%3D%220%22%2F%3E%3C%2Fsvg%3E\" data-orig-src=\"https:\/\/divadlo.pametnaroda.cz\/media\/sites\/3\/2022\/12\/Divadlo-napric-generacemi-se-studenty-GPN-300x169.jpg\" alt=\"\" width=\"300\" height=\"169\" \/><\/a><\/p>","protected":false},"excerpt":{"rendered":"<p>29. 11. 2022 Ve dnech 29. a 30. listopadu 2022 se v prostor\u00e1ch Gymn\u00e1zia Pam\u011bti n\u00e1roda konala mezigenera\u010dn\u00ed divadeln\u00ed d\u00edlna na t\u00e9ma Vzd\u011bl\u00e1v\u00e1n\u00ed. Krom\u011b p\u0159edstav o ide\u00e1ln\u00ed \u0161kole si \u00fa\u010dastn\u00edci vz\u00e1jemn\u011b vym\u011b\u0148ovaly zku\u0161enosti s neform\u00e1ln\u00edm vzd\u011bl\u00e1v\u00e1n\u00edm a \u0161kolou v minulosti a dnes. Sezn\u00e1mili se rovn\u011b\u017e s p\u0159\u00edb\u011bhem R\u016f\u017eeny Vackov\u00e9, profesorky archeologie, teatrolo\u017eky a esteti\u010dky, kter\u00e1 byla v\u011bzn\u011bn\u00e1 v 50. letech a ve v\u011bzen\u00ed vyu\u010dovala.<\/p>","protected":false},"author":7,"featured_media":0,"comment_status":"closed","ping_status":"closed","sticky":false,"template":"","format":"standard","meta":{"footnotes":""},"categories":[75],"tags":[],"class_list":["post-1249","post","type-post","status-publish","format-standard","hentry","category-aktuality"],"yoast_head":"<!-- This site is optimized with the Yoast SEO plugin v24.5 - https:\/\/yoast.com\/wordpress\/plugins\/seo\/ -->\n<title>Divadlo nap\u0159\u00ed\u010d generacemi se studenty GPN - Divadlo Pam\u011bti n\u00e1roda<\/title>\n<meta name=\"robots\" content=\"index, follow, max-snippet:-1, max-image-preview:large, max-video-preview:-1\" \/>\n<link rel=\"canonical\" href=\"https:\/\/divadlo.pametnaroda.cz\/en\/2022\/12\/divadlo-napric-generacemi-se-studenty-gpn\/\" \/>\n<meta property=\"og:locale\" content=\"en_GB\" \/>\n<meta property=\"og:type\" content=\"article\" \/>\n<meta property=\"og:title\" content=\"Divadlo nap\u0159\u00ed\u010d generacemi se studenty GPN - Divadlo Pam\u011bti n\u00e1roda\" \/>\n<meta property=\"og:description\" content=\"29. 11. 2022 Ve dnech 29. a 30. listopadu 2022 se v prostor\u00e1ch Gymn\u00e1zia Pam\u011bti n\u00e1roda konala mezigenera\u010dn\u00ed divadeln\u00ed d\u00edlna na t\u00e9ma Vzd\u011bl\u00e1v\u00e1n\u00ed. Krom\u011b p\u0159edstav o ide\u00e1ln\u00ed \u0161kole si \u00fa\u010dastn\u00edci vz\u00e1jemn\u011b vym\u011b\u0148ovaly zku\u0161enosti s neform\u00e1ln\u00edm vzd\u011bl\u00e1v\u00e1n\u00edm a \u0161kolou v minulosti a dnes. Sezn\u00e1mili se rovn\u011b\u017e s p\u0159\u00edb\u011bhem R\u016f\u017eeny Vackov\u00e9, profesorky archeologie, teatrolo\u017eky a esteti\u010dky, kter\u00e1 byla v\u011bzn\u011bn\u00e1 v 50. letech a ve v\u011bzen\u00ed vyu\u010dovala.\" \/>\n<meta property=\"og:url\" content=\"https:\/\/divadlo.pametnaroda.cz\/en\/2022\/12\/divadlo-napric-generacemi-se-studenty-gpn\/\" \/>\n<meta property=\"og:site_name\" content=\"Divadlo Pam\u011bti n\u00e1roda\" \/>\n<meta property=\"article:published_time\" content=\"2022-12-01T13:18:20+00:00\" \/>\n<meta property=\"article:modified_time\" content=\"2025-03-26T13:46:06+00:00\" \/>\n<meta property=\"og:image\" content=\"https:\/\/divadlo.pametnaroda.cz\/media\/sites\/3\/2022\/12\/Divadlo-napric-generacemi-se-studenty-GPN-scaled.jpg\" \/>\n\t<meta property=\"og:image:width\" content=\"2560\" \/>\n\t<meta property=\"og:image:height\" content=\"1441\" \/>\n\t<meta property=\"og:image:type\" content=\"image\/jpeg\" \/>\n<meta name=\"author\" content=\"Divadlo PN\" \/>\n<meta name=\"twitter:card\" content=\"summary_large_image\" \/>\n<meta name=\"twitter:label1\" content=\"Written by\" \/>\n\t<meta name=\"twitter:data1\" content=\"Divadlo PN\" \/>\n<script type=\"application\/ld+json\" class=\"yoast-schema-graph\">{\"@context\":\"https:\/\/schema.org\",\"@graph\":[{\"@type\":\"WebPage\",\"@id\":\"https:\/\/divadlo.pametnaroda.cz\/2022\/12\/divadlo-napric-generacemi-se-studenty-gpn\/\",\"url\":\"https:\/\/divadlo.pametnaroda.cz\/2022\/12\/divadlo-napric-generacemi-se-studenty-gpn\/\",\"name\":\"Divadlo nap\u0159\u00ed\u010d generacemi se studenty GPN - Divadlo Pam\u011bti n\u00e1roda\",\"isPartOf\":{\"@id\":\"https:\/\/divadlo.pametnaroda.cz\/#website\"},\"primaryImageOfPage\":{\"@id\":\"https:\/\/divadlo.pametnaroda.cz\/2022\/12\/divadlo-napric-generacemi-se-studenty-gpn\/#primaryimage\"},\"image\":{\"@id\":\"https:\/\/divadlo.pametnaroda.cz\/2022\/12\/divadlo-napric-generacemi-se-studenty-gpn\/#primaryimage\"},\"thumbnailUrl\":\"https:\/\/divadlo.pametnaroda.cz\/media\/sites\/3\/2022\/12\/Divadlo-napric-generacemi-se-studenty-GPN-300x169.jpg\",\"datePublished\":\"2022-12-01T13:18:20+00:00\",\"dateModified\":\"2025-03-26T13:46:06+00:00\",\"author\":{\"@id\":\"https:\/\/divadlo.pametnaroda.cz\/#\/schema\/person\/1bd4c1ebef3b90d9cf2eeabf6ed899c2\"},\"breadcrumb\":{\"@id\":\"https:\/\/divadlo.pametnaroda.cz\/2022\/12\/divadlo-napric-generacemi-se-studenty-gpn\/#breadcrumb\"},\"inLanguage\":\"en-GB\",\"potentialAction\":[{\"@type\":\"ReadAction\",\"target\":[\"https:\/\/divadlo.pametnaroda.cz\/2022\/12\/divadlo-napric-generacemi-se-studenty-gpn\/\"]}]},{\"@type\":\"ImageObject\",\"inLanguage\":\"en-GB\",\"@id\":\"https:\/\/divadlo.pametnaroda.cz\/2022\/12\/divadlo-napric-generacemi-se-studenty-gpn\/#primaryimage\",\"url\":\"https:\/\/divadlo.pametnaroda.cz\/media\/sites\/3\/2022\/12\/Divadlo-napric-generacemi-se-studenty-GPN-300x169.jpg\",\"contentUrl\":\"https:\/\/divadlo.pametnaroda.cz\/media\/sites\/3\/2022\/12\/Divadlo-napric-generacemi-se-studenty-GPN-300x169.jpg\"},{\"@type\":\"BreadcrumbList\",\"@id\":\"https:\/\/divadlo.pametnaroda.cz\/2022\/12\/divadlo-napric-generacemi-se-studenty-gpn\/#breadcrumb\",\"itemListElement\":[{\"@type\":\"ListItem\",\"position\":1,\"name\":\"Dom\u016f\",\"item\":\"https:\/\/divadlo.pametnaroda.cz\/\"},{\"@type\":\"ListItem\",\"position\":2,\"name\":\"Divadlo nap\u0159\u00ed\u010d generacemi se studenty GPN\"}]},{\"@type\":\"WebSite\",\"@id\":\"https:\/\/divadlo.pametnaroda.cz\/#website\",\"url\":\"https:\/\/divadlo.pametnaroda.cz\/\",\"name\":\"Divadlo Pam\u011bti n\u00e1roda\",\"description\":\"Vypr\u00e1v\u00edme p\u0159\u00edb\u011bhy 20. stolet\u00ed skrze autentick\u00e1 sv\u011bdectv\u00ed Pam\u011bti n\u00e1roda\",\"potentialAction\":[{\"@type\":\"SearchAction\",\"target\":{\"@type\":\"EntryPoint\",\"urlTemplate\":\"https:\/\/divadlo.pametnaroda.cz\/?s={search_term_string}\"},\"query-input\":{\"@type\":\"PropertyValueSpecification\",\"valueRequired\":true,\"valueName\":\"search_term_string\"}}],\"inLanguage\":\"en-GB\"},{\"@type\":\"Person\",\"@id\":\"https:\/\/divadlo.pametnaroda.cz\/#\/schema\/person\/1bd4c1ebef3b90d9cf2eeabf6ed899c2\",\"name\":\"Divadlo PN\",\"image\":{\"@type\":\"ImageObject\",\"inLanguage\":\"en-GB\",\"@id\":\"https:\/\/divadlo.pametnaroda.cz\/#\/schema\/person\/image\/\",\"url\":\"https:\/\/secure.gravatar.com\/avatar\/8c0eabc35d7908c7150a51872520b359?s=96&d=mm&r=g\",\"contentUrl\":\"https:\/\/secure.gravatar.com\/avatar\/8c0eabc35d7908c7150a51872520b359?s=96&d=mm&r=g\",\"caption\":\"Divadlo PN\"},\"url\":\"https:\/\/divadlo.pametnaroda.cz\/en\/author\/tamarapomoriski\/\"}]}<\/script>\n<!-- \/ Yoast SEO plugin. -->","yoast_head_json":{"title":"Divadlo nap\u0159\u00ed\u010d generacemi se studenty GPN - Divadlo Pam\u011bti n\u00e1roda","robots":{"index":"index","follow":"follow","max-snippet":"max-snippet:-1","max-image-preview":"max-image-preview:large","max-video-preview":"max-video-preview:-1"},"canonical":"https:\/\/divadlo.pametnaroda.cz\/en\/2022\/12\/divadlo-napric-generacemi-se-studenty-gpn\/","og_locale":"en_GB","og_type":"article","og_title":"Divadlo nap\u0159\u00ed\u010d generacemi se studenty GPN - Divadlo Pam\u011bti n\u00e1roda","og_description":"29. 11. 2022 Ve dnech 29. a 30. listopadu 2022 se v prostor\u00e1ch Gymn\u00e1zia Pam\u011bti n\u00e1roda konala mezigenera\u010dn\u00ed divadeln\u00ed d\u00edlna na t\u00e9ma Vzd\u011bl\u00e1v\u00e1n\u00ed. Krom\u011b p\u0159edstav o ide\u00e1ln\u00ed \u0161kole si \u00fa\u010dastn\u00edci vz\u00e1jemn\u011b vym\u011b\u0148ovaly zku\u0161enosti s neform\u00e1ln\u00edm vzd\u011bl\u00e1v\u00e1n\u00edm a \u0161kolou v minulosti a dnes. Sezn\u00e1mili se rovn\u011b\u017e s p\u0159\u00edb\u011bhem R\u016f\u017eeny Vackov\u00e9, profesorky archeologie, teatrolo\u017eky a esteti\u010dky, kter\u00e1 byla v\u011bzn\u011bn\u00e1 v 50. letech a ve v\u011bzen\u00ed vyu\u010dovala.","og_url":"https:\/\/divadlo.pametnaroda.cz\/en\/2022\/12\/divadlo-napric-generacemi-se-studenty-gpn\/","og_site_name":"Divadlo Pam\u011bti n\u00e1roda","article_published_time":"2022-12-01T13:18:20+00:00","article_modified_time":"2025-03-26T13:46:06+00:00","og_image":[{"width":2560,"height":1441,"url":"https:\/\/divadlo.pametnaroda.cz\/media\/sites\/3\/2022\/12\/Divadlo-napric-generacemi-se-studenty-GPN-scaled.jpg","type":"image\/jpeg"}],"author":"Divadlo PN","twitter_card":"summary_large_image","twitter_misc":{"Written by":"Divadlo PN"},"schema":{"@context":"https:\/\/schema.org","@graph":[{"@type":"WebPage","@id":"https:\/\/divadlo.pametnaroda.cz\/2022\/12\/divadlo-napric-generacemi-se-studenty-gpn\/","url":"https:\/\/divadlo.pametnaroda.cz\/2022\/12\/divadlo-napric-generacemi-se-studenty-gpn\/","name":"Divadlo nap\u0159\u00ed\u010d generacemi se studenty GPN - Divadlo Pam\u011bti n\u00e1roda","isPartOf":{"@id":"https:\/\/divadlo.pametnaroda.cz\/#website"},"primaryImageOfPage":{"@id":"https:\/\/divadlo.pametnaroda.cz\/2022\/12\/divadlo-napric-generacemi-se-studenty-gpn\/#primaryimage"},"image":{"@id":"https:\/\/divadlo.pametnaroda.cz\/2022\/12\/divadlo-napric-generacemi-se-studenty-gpn\/#primaryimage"},"thumbnailUrl":"https:\/\/divadlo.pametnaroda.cz\/media\/sites\/3\/2022\/12\/Divadlo-napric-generacemi-se-studenty-GPN-300x169.jpg","datePublished":"2022-12-01T13:18:20+00:00","dateModified":"2025-03-26T13:46:06+00:00","author":{"@id":"https:\/\/divadlo.pametnaroda.cz\/#\/schema\/person\/1bd4c1ebef3b90d9cf2eeabf6ed899c2"},"breadcrumb":{"@id":"https:\/\/divadlo.pametnaroda.cz\/2022\/12\/divadlo-napric-generacemi-se-studenty-gpn\/#breadcrumb"},"inLanguage":"en-GB","potentialAction":[{"@type":"ReadAction","target":["https:\/\/divadlo.pametnaroda.cz\/2022\/12\/divadlo-napric-generacemi-se-studenty-gpn\/"]}]},{"@type":"ImageObject","inLanguage":"en-GB","@id":"https:\/\/divadlo.pametnaroda.cz\/2022\/12\/divadlo-napric-generacemi-se-studenty-gpn\/#primaryimage","url":"https:\/\/divadlo.pametnaroda.cz\/media\/sites\/3\/2022\/12\/Divadlo-napric-generacemi-se-studenty-GPN-300x169.jpg","contentUrl":"https:\/\/divadlo.pametnaroda.cz\/media\/sites\/3\/2022\/12\/Divadlo-napric-generacemi-se-studenty-GPN-300x169.jpg"},{"@type":"BreadcrumbList","@id":"https:\/\/divadlo.pametnaroda.cz\/2022\/12\/divadlo-napric-generacemi-se-studenty-gpn\/#breadcrumb","itemListElement":[{"@type":"ListItem","position":1,"name":"Dom\u016f","item":"https:\/\/divadlo.pametnaroda.cz\/"},{"@type":"ListItem","position":2,"name":"Divadlo nap\u0159\u00ed\u010d generacemi se studenty GPN"}]},{"@type":"WebSite","@id":"https:\/\/divadlo.pametnaroda.cz\/#website","url":"https:\/\/divadlo.pametnaroda.cz\/","name":"Divadlo Pam\u011bti n\u00e1roda","description":"Vypr\u00e1v\u00edme p\u0159\u00edb\u011bhy 20. stolet\u00ed skrze autentick\u00e1 sv\u011bdectv\u00ed Pam\u011bti n\u00e1roda","potentialAction":[{"@type":"SearchAction","target":{"@type":"EntryPoint","urlTemplate":"https:\/\/divadlo.pametnaroda.cz\/?s={search_term_string}"},"query-input":{"@type":"PropertyValueSpecification","valueRequired":true,"valueName":"search_term_string"}}],"inLanguage":"en-GB"},{"@type":"Person","@id":"https:\/\/divadlo.pametnaroda.cz\/#\/schema\/person\/1bd4c1ebef3b90d9cf2eeabf6ed899c2","name":"Divadlo PN","image":{"@type":"ImageObject","inLanguage":"en-GB","@id":"https:\/\/divadlo.pametnaroda.cz\/#\/schema\/person\/image\/","url":"https:\/\/secure.gravatar.com\/avatar\/8c0eabc35d7908c7150a51872520b359?s=96&d=mm&r=g","contentUrl":"https:\/\/secure.gravatar.com\/avatar\/8c0eabc35d7908c7150a51872520b359?s=96&d=mm&r=g","caption":"Divadlo PN"},"url":"https:\/\/divadlo.pametnaroda.cz\/en\/author\/tamarapomoriski\/"}]}},"_links":{"self":[{"href":"https:\/\/divadlo.pametnaroda.cz\/en\/wp-json\/wp\/v2\/posts\/1249","targetHints":{"allow":["GET"]}}],"collection":[{"href":"https:\/\/divadlo.pametnaroda.cz\/en\/wp-json\/wp\/v2\/posts"}],"about":[{"href":"https:\/\/divadlo.pametnaroda.cz\/en\/wp-json\/wp\/v2\/types\/post"}],"author":[{"embeddable":true,"href":"https:\/\/divadlo.pametnaroda.cz\/en\/wp-json\/wp\/v2\/users\/7"}],"replies":[{"embeddable":true,"href":"https:\/\/divadlo.pametnaroda.cz\/en\/wp-json\/wp\/v2\/comments?post=1249"}],"version-history":[{"count":0,"href":"https:\/\/divadlo.pametnaroda.cz\/en\/wp-json\/wp\/v2\/posts\/1249\/revisions"}],"wp:attachment":[{"href":"https:\/\/divadlo.pametnaroda.cz\/en\/wp-json\/wp\/v2\/media?parent=1249"}],"wp:term":[{"taxonomy":"category","embeddable":true,"href":"https:\/\/divadlo.pametnaroda.cz\/en\/wp-json\/wp\/v2\/categories?post=1249"},{"taxonomy":"post_tag","embeddable":true,"href":"https:\/\/divadlo.pametnaroda.cz\/en\/wp-json\/wp\/v2\/tags?post=1249"}],"curies":[{"name":"wp","href":"https:\/\/api.w.org\/{rel}","templated":true}]}}