{"id":1272,"date":"2022-10-02T18:46:43","date_gmt":"2022-10-02T16:46:43","guid":{"rendered":"https:\/\/divadlo.pametnaroda.cz\/?p=1272"},"modified":"2025-03-26T14:47:34","modified_gmt":"2025-03-26T13:47:34","slug":"kratke-vystoupeni-jako-vzpominka-na-letni-dilny","status":"publish","type":"post","link":"https:\/\/divadlo.pametnaroda.cz\/en\/2022\/10\/kratke-vystoupeni-jako-vzpominka-na-letni-dilny\/","title":{"rendered":"Kr\u00e1tk\u00e9 vystoupen\u00ed jako vzpom\u00ednka na letn\u00ed d\u00edlny"},"content":{"rendered":"<p>29. 9. 2022<\/p>\n<p><span style=\"font-weight: 400\">Na Festivalu Pam\u011bti n\u00e1roda na Strahov\u011b vystoupila s kr\u00e1tk\u00fdm programem i skupina slo\u017een\u00e1 z \u00fa\u010dastn\u00edk\u016f letn\u00edch divadeln\u00edch d\u00edlen pro st\u0159edo\u0161kol\u00e1ky. Sehr\u00e1li n\u011bkolik obr\u00e1zk\u016f z doby normalizace, a tak\u00e9 ze \u017eivota disidenta Jaroslava Hutky, kter\u00fd byl re\u017eimem donucen k emigraci. P\u0159edstaven\u00ed p\u0159ihl\u00ed\u017eel i s\u00e1m hudebn\u00edk s rodinou.<\/span><\/p>\n<p><a href=\"https:\/\/divadlo.pametnaroda.cz\/media\/sites\/3\/2023\/02\/Adaptacni-centrum-scaled.jpeg\"><img decoding=\"async\" class=\"lazyload alignnone size-medium wp-image-1273\" src=\"data:image\/svg+xml,%3Csvg%20xmlns%3D%27http%3A%2F%2Fwww.w3.org%2F2000%2Fsvg%27%20width%3D%27300%27%20height%3D%27174%27%20viewBox%3D%270%200%20300%20174%27%3E%3Crect%20width%3D%27300%27%20height%3D%27174%27%20fill-opacity%3D%220%22%2F%3E%3C%2Fsvg%3E\" data-orig-src=\"https:\/\/divadlo.pametnaroda.cz\/media\/sites\/3\/2023\/02\/Adaptacni-centrum-300x174.jpeg\" alt=\"\" width=\"300\" height=\"174\" \/><\/a><\/p>","protected":false},"excerpt":{"rendered":"<p>29. 9. 2022 Na Festivalu Pam\u011bti n\u00e1roda na Strahov\u011b vystoupila s kr\u00e1tk\u00fdm programem i skupina slo\u017een\u00e1 z \u00fa\u010dastn\u00edk\u016f letn\u00edch divadeln\u00edch d\u00edlen pro st\u0159edo\u0161kol\u00e1ky. Sehr\u00e1li n\u011bkolik obr\u00e1zk\u016f z doby normalizace, a tak\u00e9 ze \u017eivota disidenta Jaroslava Hutky, kter\u00fd byl re\u017eimem donucen k emigraci. P\u0159edstaven\u00ed p\u0159ihl\u00ed\u017eel i s\u00e1m hudebn\u00edk s rodinou.<\/p>","protected":false},"author":7,"featured_media":0,"comment_status":"closed","ping_status":"closed","sticky":false,"template":"","format":"standard","meta":{"footnotes":""},"categories":[75],"tags":[],"class_list":["post-1272","post","type-post","status-publish","format-standard","hentry","category-aktuality"],"yoast_head":"<!-- This site is optimized with the Yoast SEO plugin v24.5 - https:\/\/yoast.com\/wordpress\/plugins\/seo\/ -->\n<title>Kr\u00e1tk\u00e9 vystoupen\u00ed jako vzpom\u00ednka na letn\u00ed d\u00edlny - Divadlo Pam\u011bti n\u00e1roda<\/title>\n<meta name=\"robots\" content=\"index, follow, max-snippet:-1, max-image-preview:large, max-video-preview:-1\" \/>\n<link rel=\"canonical\" href=\"https:\/\/divadlo.pametnaroda.cz\/en\/2022\/10\/kratke-vystoupeni-jako-vzpominka-na-letni-dilny\/\" \/>\n<meta property=\"og:locale\" content=\"en_GB\" \/>\n<meta property=\"og:type\" content=\"article\" \/>\n<meta property=\"og:title\" content=\"Kr\u00e1tk\u00e9 vystoupen\u00ed jako vzpom\u00ednka na letn\u00ed d\u00edlny - Divadlo Pam\u011bti n\u00e1roda\" \/>\n<meta property=\"og:description\" content=\"29. 9. 2022 Na Festivalu Pam\u011bti n\u00e1roda na Strahov\u011b vystoupila s kr\u00e1tk\u00fdm programem i skupina slo\u017een\u00e1 z \u00fa\u010dastn\u00edk\u016f letn\u00edch divadeln\u00edch d\u00edlen pro st\u0159edo\u0161kol\u00e1ky. Sehr\u00e1li n\u011bkolik obr\u00e1zk\u016f z doby normalizace, a tak\u00e9 ze \u017eivota disidenta Jaroslava Hutky, kter\u00fd byl re\u017eimem donucen k emigraci. P\u0159edstaven\u00ed p\u0159ihl\u00ed\u017eel i s\u00e1m hudebn\u00edk s rodinou.\" \/>\n<meta property=\"og:url\" content=\"https:\/\/divadlo.pametnaroda.cz\/en\/2022\/10\/kratke-vystoupeni-jako-vzpominka-na-letni-dilny\/\" \/>\n<meta property=\"og:site_name\" content=\"Divadlo Pam\u011bti n\u00e1roda\" \/>\n<meta property=\"article:published_time\" content=\"2022-10-02T16:46:43+00:00\" \/>\n<meta property=\"article:modified_time\" content=\"2025-03-26T13:47:34+00:00\" \/>\n<meta property=\"og:image\" content=\"https:\/\/divadlo.pametnaroda.cz\/media\/sites\/3\/2023\/02\/Adaptacni-centrum-scaled.jpeg\" \/>\n\t<meta property=\"og:image:width\" content=\"2560\" \/>\n\t<meta property=\"og:image:height\" content=\"1486\" \/>\n\t<meta property=\"og:image:type\" content=\"image\/jpeg\" \/>\n<meta name=\"author\" content=\"Divadlo PN\" \/>\n<meta name=\"twitter:card\" content=\"summary_large_image\" \/>\n<meta name=\"twitter:label1\" content=\"Written by\" \/>\n\t<meta name=\"twitter:data1\" content=\"Divadlo PN\" \/>\n<script type=\"application\/ld+json\" class=\"yoast-schema-graph\">{\"@context\":\"https:\/\/schema.org\",\"@graph\":[{\"@type\":\"WebPage\",\"@id\":\"https:\/\/divadlo.pametnaroda.cz\/2022\/10\/kratke-vystoupeni-jako-vzpominka-na-letni-dilny\/\",\"url\":\"https:\/\/divadlo.pametnaroda.cz\/2022\/10\/kratke-vystoupeni-jako-vzpominka-na-letni-dilny\/\",\"name\":\"Kr\u00e1tk\u00e9 vystoupen\u00ed jako vzpom\u00ednka na letn\u00ed d\u00edlny - Divadlo Pam\u011bti n\u00e1roda\",\"isPartOf\":{\"@id\":\"https:\/\/divadlo.pametnaroda.cz\/#website\"},\"primaryImageOfPage\":{\"@id\":\"https:\/\/divadlo.pametnaroda.cz\/2022\/10\/kratke-vystoupeni-jako-vzpominka-na-letni-dilny\/#primaryimage\"},\"image\":{\"@id\":\"https:\/\/divadlo.pametnaroda.cz\/2022\/10\/kratke-vystoupeni-jako-vzpominka-na-letni-dilny\/#primaryimage\"},\"thumbnailUrl\":\"https:\/\/divadlo.pametnaroda.cz\/media\/sites\/3\/2023\/02\/Adaptacni-centrum-300x174.jpeg\",\"datePublished\":\"2022-10-02T16:46:43+00:00\",\"dateModified\":\"2025-03-26T13:47:34+00:00\",\"author\":{\"@id\":\"https:\/\/divadlo.pametnaroda.cz\/#\/schema\/person\/1bd4c1ebef3b90d9cf2eeabf6ed899c2\"},\"breadcrumb\":{\"@id\":\"https:\/\/divadlo.pametnaroda.cz\/2022\/10\/kratke-vystoupeni-jako-vzpominka-na-letni-dilny\/#breadcrumb\"},\"inLanguage\":\"en-GB\",\"potentialAction\":[{\"@type\":\"ReadAction\",\"target\":[\"https:\/\/divadlo.pametnaroda.cz\/2022\/10\/kratke-vystoupeni-jako-vzpominka-na-letni-dilny\/\"]}]},{\"@type\":\"ImageObject\",\"inLanguage\":\"en-GB\",\"@id\":\"https:\/\/divadlo.pametnaroda.cz\/2022\/10\/kratke-vystoupeni-jako-vzpominka-na-letni-dilny\/#primaryimage\",\"url\":\"https:\/\/divadlo.pametnaroda.cz\/media\/sites\/3\/2023\/02\/Adaptacni-centrum-300x174.jpeg\",\"contentUrl\":\"https:\/\/divadlo.pametnaroda.cz\/media\/sites\/3\/2023\/02\/Adaptacni-centrum-300x174.jpeg\"},{\"@type\":\"BreadcrumbList\",\"@id\":\"https:\/\/divadlo.pametnaroda.cz\/2022\/10\/kratke-vystoupeni-jako-vzpominka-na-letni-dilny\/#breadcrumb\",\"itemListElement\":[{\"@type\":\"ListItem\",\"position\":1,\"name\":\"Dom\u016f\",\"item\":\"https:\/\/divadlo.pametnaroda.cz\/\"},{\"@type\":\"ListItem\",\"position\":2,\"name\":\"Kr\u00e1tk\u00e9 vystoupen\u00ed jako vzpom\u00ednka na letn\u00ed d\u00edlny\"}]},{\"@type\":\"WebSite\",\"@id\":\"https:\/\/divadlo.pametnaroda.cz\/#website\",\"url\":\"https:\/\/divadlo.pametnaroda.cz\/\",\"name\":\"Divadlo Pam\u011bti n\u00e1roda\",\"description\":\"Vypr\u00e1v\u00edme p\u0159\u00edb\u011bhy 20. stolet\u00ed skrze autentick\u00e1 sv\u011bdectv\u00ed Pam\u011bti n\u00e1roda\",\"potentialAction\":[{\"@type\":\"SearchAction\",\"target\":{\"@type\":\"EntryPoint\",\"urlTemplate\":\"https:\/\/divadlo.pametnaroda.cz\/?s={search_term_string}\"},\"query-input\":{\"@type\":\"PropertyValueSpecification\",\"valueRequired\":true,\"valueName\":\"search_term_string\"}}],\"inLanguage\":\"en-GB\"},{\"@type\":\"Person\",\"@id\":\"https:\/\/divadlo.pametnaroda.cz\/#\/schema\/person\/1bd4c1ebef3b90d9cf2eeabf6ed899c2\",\"name\":\"Divadlo PN\",\"image\":{\"@type\":\"ImageObject\",\"inLanguage\":\"en-GB\",\"@id\":\"https:\/\/divadlo.pametnaroda.cz\/#\/schema\/person\/image\/\",\"url\":\"https:\/\/secure.gravatar.com\/avatar\/8c0eabc35d7908c7150a51872520b359?s=96&d=mm&r=g\",\"contentUrl\":\"https:\/\/secure.gravatar.com\/avatar\/8c0eabc35d7908c7150a51872520b359?s=96&d=mm&r=g\",\"caption\":\"Divadlo PN\"},\"url\":\"https:\/\/divadlo.pametnaroda.cz\/en\/author\/tamarapomoriski\/\"}]}<\/script>\n<!-- \/ Yoast SEO plugin. -->","yoast_head_json":{"title":"Kr\u00e1tk\u00e9 vystoupen\u00ed jako vzpom\u00ednka na letn\u00ed d\u00edlny - Divadlo Pam\u011bti n\u00e1roda","robots":{"index":"index","follow":"follow","max-snippet":"max-snippet:-1","max-image-preview":"max-image-preview:large","max-video-preview":"max-video-preview:-1"},"canonical":"https:\/\/divadlo.pametnaroda.cz\/en\/2022\/10\/kratke-vystoupeni-jako-vzpominka-na-letni-dilny\/","og_locale":"en_GB","og_type":"article","og_title":"Kr\u00e1tk\u00e9 vystoupen\u00ed jako vzpom\u00ednka na letn\u00ed d\u00edlny - Divadlo Pam\u011bti n\u00e1roda","og_description":"29. 9. 2022 Na Festivalu Pam\u011bti n\u00e1roda na Strahov\u011b vystoupila s kr\u00e1tk\u00fdm programem i skupina slo\u017een\u00e1 z \u00fa\u010dastn\u00edk\u016f letn\u00edch divadeln\u00edch d\u00edlen pro st\u0159edo\u0161kol\u00e1ky. Sehr\u00e1li n\u011bkolik obr\u00e1zk\u016f z doby normalizace, a tak\u00e9 ze \u017eivota disidenta Jaroslava Hutky, kter\u00fd byl re\u017eimem donucen k emigraci. P\u0159edstaven\u00ed p\u0159ihl\u00ed\u017eel i s\u00e1m hudebn\u00edk s rodinou.","og_url":"https:\/\/divadlo.pametnaroda.cz\/en\/2022\/10\/kratke-vystoupeni-jako-vzpominka-na-letni-dilny\/","og_site_name":"Divadlo Pam\u011bti n\u00e1roda","article_published_time":"2022-10-02T16:46:43+00:00","article_modified_time":"2025-03-26T13:47:34+00:00","og_image":[{"width":2560,"height":1486,"url":"https:\/\/divadlo.pametnaroda.cz\/media\/sites\/3\/2023\/02\/Adaptacni-centrum-scaled.jpeg","type":"image\/jpeg"}],"author":"Divadlo PN","twitter_card":"summary_large_image","twitter_misc":{"Written by":"Divadlo PN"},"schema":{"@context":"https:\/\/schema.org","@graph":[{"@type":"WebPage","@id":"https:\/\/divadlo.pametnaroda.cz\/2022\/10\/kratke-vystoupeni-jako-vzpominka-na-letni-dilny\/","url":"https:\/\/divadlo.pametnaroda.cz\/2022\/10\/kratke-vystoupeni-jako-vzpominka-na-letni-dilny\/","name":"Kr\u00e1tk\u00e9 vystoupen\u00ed jako vzpom\u00ednka na letn\u00ed d\u00edlny - Divadlo Pam\u011bti n\u00e1roda","isPartOf":{"@id":"https:\/\/divadlo.pametnaroda.cz\/#website"},"primaryImageOfPage":{"@id":"https:\/\/divadlo.pametnaroda.cz\/2022\/10\/kratke-vystoupeni-jako-vzpominka-na-letni-dilny\/#primaryimage"},"image":{"@id":"https:\/\/divadlo.pametnaroda.cz\/2022\/10\/kratke-vystoupeni-jako-vzpominka-na-letni-dilny\/#primaryimage"},"thumbnailUrl":"https:\/\/divadlo.pametnaroda.cz\/media\/sites\/3\/2023\/02\/Adaptacni-centrum-300x174.jpeg","datePublished":"2022-10-02T16:46:43+00:00","dateModified":"2025-03-26T13:47:34+00:00","author":{"@id":"https:\/\/divadlo.pametnaroda.cz\/#\/schema\/person\/1bd4c1ebef3b90d9cf2eeabf6ed899c2"},"breadcrumb":{"@id":"https:\/\/divadlo.pametnaroda.cz\/2022\/10\/kratke-vystoupeni-jako-vzpominka-na-letni-dilny\/#breadcrumb"},"inLanguage":"en-GB","potentialAction":[{"@type":"ReadAction","target":["https:\/\/divadlo.pametnaroda.cz\/2022\/10\/kratke-vystoupeni-jako-vzpominka-na-letni-dilny\/"]}]},{"@type":"ImageObject","inLanguage":"en-GB","@id":"https:\/\/divadlo.pametnaroda.cz\/2022\/10\/kratke-vystoupeni-jako-vzpominka-na-letni-dilny\/#primaryimage","url":"https:\/\/divadlo.pametnaroda.cz\/media\/sites\/3\/2023\/02\/Adaptacni-centrum-300x174.jpeg","contentUrl":"https:\/\/divadlo.pametnaroda.cz\/media\/sites\/3\/2023\/02\/Adaptacni-centrum-300x174.jpeg"},{"@type":"BreadcrumbList","@id":"https:\/\/divadlo.pametnaroda.cz\/2022\/10\/kratke-vystoupeni-jako-vzpominka-na-letni-dilny\/#breadcrumb","itemListElement":[{"@type":"ListItem","position":1,"name":"Dom\u016f","item":"https:\/\/divadlo.pametnaroda.cz\/"},{"@type":"ListItem","position":2,"name":"Kr\u00e1tk\u00e9 vystoupen\u00ed jako vzpom\u00ednka na letn\u00ed d\u00edlny"}]},{"@type":"WebSite","@id":"https:\/\/divadlo.pametnaroda.cz\/#website","url":"https:\/\/divadlo.pametnaroda.cz\/","name":"Divadlo Pam\u011bti n\u00e1roda","description":"Vypr\u00e1v\u00edme p\u0159\u00edb\u011bhy 20. stolet\u00ed skrze autentick\u00e1 sv\u011bdectv\u00ed Pam\u011bti n\u00e1roda","potentialAction":[{"@type":"SearchAction","target":{"@type":"EntryPoint","urlTemplate":"https:\/\/divadlo.pametnaroda.cz\/?s={search_term_string}"},"query-input":{"@type":"PropertyValueSpecification","valueRequired":true,"valueName":"search_term_string"}}],"inLanguage":"en-GB"},{"@type":"Person","@id":"https:\/\/divadlo.pametnaroda.cz\/#\/schema\/person\/1bd4c1ebef3b90d9cf2eeabf6ed899c2","name":"Divadlo PN","image":{"@type":"ImageObject","inLanguage":"en-GB","@id":"https:\/\/divadlo.pametnaroda.cz\/#\/schema\/person\/image\/","url":"https:\/\/secure.gravatar.com\/avatar\/8c0eabc35d7908c7150a51872520b359?s=96&d=mm&r=g","contentUrl":"https:\/\/secure.gravatar.com\/avatar\/8c0eabc35d7908c7150a51872520b359?s=96&d=mm&r=g","caption":"Divadlo PN"},"url":"https:\/\/divadlo.pametnaroda.cz\/en\/author\/tamarapomoriski\/"}]}},"_links":{"self":[{"href":"https:\/\/divadlo.pametnaroda.cz\/en\/wp-json\/wp\/v2\/posts\/1272","targetHints":{"allow":["GET"]}}],"collection":[{"href":"https:\/\/divadlo.pametnaroda.cz\/en\/wp-json\/wp\/v2\/posts"}],"about":[{"href":"https:\/\/divadlo.pametnaroda.cz\/en\/wp-json\/wp\/v2\/types\/post"}],"author":[{"embeddable":true,"href":"https:\/\/divadlo.pametnaroda.cz\/en\/wp-json\/wp\/v2\/users\/7"}],"replies":[{"embeddable":true,"href":"https:\/\/divadlo.pametnaroda.cz\/en\/wp-json\/wp\/v2\/comments?post=1272"}],"version-history":[{"count":0,"href":"https:\/\/divadlo.pametnaroda.cz\/en\/wp-json\/wp\/v2\/posts\/1272\/revisions"}],"wp:attachment":[{"href":"https:\/\/divadlo.pametnaroda.cz\/en\/wp-json\/wp\/v2\/media?parent=1272"}],"wp:term":[{"taxonomy":"category","embeddable":true,"href":"https:\/\/divadlo.pametnaroda.cz\/en\/wp-json\/wp\/v2\/categories?post=1272"},{"taxonomy":"post_tag","embeddable":true,"href":"https:\/\/divadlo.pametnaroda.cz\/en\/wp-json\/wp\/v2\/tags?post=1272"}],"curies":[{"name":"wp","href":"https:\/\/api.w.org\/{rel}","templated":true}]}}