{"id":1291,"date":"2023-02-20T12:26:55","date_gmt":"2023-02-20T11:26:55","guid":{"rendered":"https:\/\/divadlo.pametnaroda.cz\/?p=1291"},"modified":"2025-03-26T14:43:33","modified_gmt":"2025-03-26T13:43:33","slug":"na-habrovce-jsme-uvedli-inscenaci-na-tema-vira","status":"publish","type":"post","link":"https:\/\/divadlo.pametnaroda.cz\/en\/2023\/02\/na-habrovce-jsme-uvedli-inscenaci-na-tema-vira\/","title":{"rendered":"Na Habrovce jsme uvedli inscenaci na t\u00e9ma v\u00edra"},"content":{"rendered":"<p><span style=\"font-weight: 400\">19. 2. 2023<\/span><\/p>\n<p><span style=\"font-weight: 400\">Kostel sv. Franti\u0161ka z Assisi o\u017eil v ned\u011bli 19. \u00fanora p\u0159edstaven\u00edm mlad\u00fdch divadeln\u00edk\u016f, kte\u0159\u00ed se sch\u00e1zej\u00ed p\u0159i Divadle Na Fidlova\u010dce. Inscenace \u201cV\u011b\u0159it znamen\u00e1\u2026\u201d sezn\u00e1mila div\u00e1ky jak s p\u0159\u00edb\u011bhy pam\u011btn\u00edk\u016f Milana Posp\u00ed\u0161ila a Josefa Bas\u00edka, dvou p\u0159\u00e1tel, skaut\u016f a farn\u00edk\u016f, kte\u0159\u00ed se ji\u017e roky pod\u00edlej\u00ed na podpo\u0159e kulturn\u00edho \u017eivota komunity, tak s pohledem mlad\u00fdch lid\u00ed na ot\u00e1zky v\u00edry. Do sv\u00e9ho vypr\u00e1v\u011bn\u00ed zahrnuli i \u00favahy nad t\u00edm, jak t\u011b\u017ek\u00e9 bylo v\u011b\u0159it za minul\u00e9ho re\u017eimu.<\/span><\/p>\n<p><a href=\"https:\/\/divadlo.pametnaroda.cz\/media\/sites\/3\/2023\/03\/Divadelni-krouzek-Pameti-naroda_Praha-4_kostel-na-Habrovka-050_19.2.23.jpg\"><img decoding=\"async\" class=\"lazyload alignnone size-medium wp-image-1292\" src=\"https:\/\/divadlo.pametnaroda.cz\/media\/sites\/3\/2023\/03\/Divadelni-krouzek-Pameti-naroda_Praha-4_kostel-na-Habrovka-050_19.2.23-300x200.jpg\" data-orig-src=\"https:\/\/divadlo.pametnaroda.cz\/media\/sites\/3\/2023\/03\/Divadelni-krouzek-Pameti-naroda_Praha-4_kostel-na-Habrovka-050_19.2.23-300x200.jpg\" alt=\"\" width=\"300\" height=\"200\" srcset=\"data:image\/svg+xml,%3Csvg%20xmlns%3D%27http%3A%2F%2Fwww.w3.org%2F2000%2Fsvg%27%20width%3D%27300%27%20height%3D%27200%27%20viewBox%3D%270%200%20300%20200%27%3E%3Crect%20width%3D%27300%27%20height%3D%27200%27%20fill-opacity%3D%220%22%2F%3E%3C%2Fsvg%3E\" data-srcset=\"https:\/\/divadlo.pametnaroda.cz\/media\/sites\/3\/2023\/03\/Divadelni-krouzek-Pameti-naroda_Praha-4_kostel-na-Habrovka-050_19.2.23-18x12.jpg 18w, https:\/\/divadlo.pametnaroda.cz\/media\/sites\/3\/2023\/03\/Divadelni-krouzek-Pameti-naroda_Praha-4_kostel-na-Habrovka-050_19.2.23-200x133.jpg 200w, https:\/\/divadlo.pametnaroda.cz\/media\/sites\/3\/2023\/03\/Divadelni-krouzek-Pameti-naroda_Praha-4_kostel-na-Habrovka-050_19.2.23-300x200.jpg 300w, https:\/\/divadlo.pametnaroda.cz\/media\/sites\/3\/2023\/03\/Divadelni-krouzek-Pameti-naroda_Praha-4_kostel-na-Habrovka-050_19.2.23-400x267.jpg 400w, https:\/\/divadlo.pametnaroda.cz\/media\/sites\/3\/2023\/03\/Divadelni-krouzek-Pameti-naroda_Praha-4_kostel-na-Habrovka-050_19.2.23-600x400.jpg 600w, https:\/\/divadlo.pametnaroda.cz\/media\/sites\/3\/2023\/03\/Divadelni-krouzek-Pameti-naroda_Praha-4_kostel-na-Habrovka-050_19.2.23-768x512.jpg 768w, https:\/\/divadlo.pametnaroda.cz\/media\/sites\/3\/2023\/03\/Divadelni-krouzek-Pameti-naroda_Praha-4_kostel-na-Habrovka-050_19.2.23-800x534.jpg 800w, https:\/\/divadlo.pametnaroda.cz\/media\/sites\/3\/2023\/03\/Divadelni-krouzek-Pameti-naroda_Praha-4_kostel-na-Habrovka-050_19.2.23-1024x683.jpg 1024w, https:\/\/divadlo.pametnaroda.cz\/media\/sites\/3\/2023\/03\/Divadelni-krouzek-Pameti-naroda_Praha-4_kostel-na-Habrovka-050_19.2.23-1200x800.jpg 1200w, https:\/\/divadlo.pametnaroda.cz\/media\/sites\/3\/2023\/03\/Divadelni-krouzek-Pameti-naroda_Praha-4_kostel-na-Habrovka-050_19.2.23-1536x1024.jpg 1536w, https:\/\/divadlo.pametnaroda.cz\/media\/sites\/3\/2023\/03\/Divadelni-krouzek-Pameti-naroda_Praha-4_kostel-na-Habrovka-050_19.2.23.jpg 1600w\" data-sizes=\"auto\" data-orig-sizes=\"(max-width: 300px) 100vw, 300px\" \/><\/a><\/p>","protected":false},"excerpt":{"rendered":"<p>19. 2. 2023 Kostel sv. Franti\u0161ka z Assisi o\u017eil v ned\u011bli 19. \u00fanora p\u0159edstaven\u00edm mlad\u00fdch divadeln\u00edk\u016f, kte\u0159\u00ed se sch\u00e1zej\u00ed p\u0159i Divadle Na Fidlova\u010dce. Inscenace \u201cV\u011b\u0159it znamen\u00e1\u2026\u201d sezn\u00e1mila div\u00e1ky jak s p\u0159\u00edb\u011bhy pam\u011btn\u00edk\u016f Milana Posp\u00ed\u0161ila a Josefa Bas\u00edka, dvou p\u0159\u00e1tel, skaut\u016f a farn\u00edk\u016f, kte\u0159\u00ed se ji\u017e roky pod\u00edlej\u00ed na podpo\u0159e kulturn\u00edho \u017eivota komunity, tak s pohledem mlad\u00fdch lid\u00ed na ot\u00e1zky v\u00edry. Do sv\u00e9ho vypr\u00e1v\u011bn\u00ed zahrnuli i \u00favahy nad t\u00edm, jak t\u011b\u017ek\u00e9 bylo v\u011b\u0159it za minul\u00e9ho re\u017eimu.<\/p>","protected":false},"author":7,"featured_media":0,"comment_status":"closed","ping_status":"closed","sticky":false,"template":"","format":"standard","meta":{"footnotes":""},"categories":[75],"tags":[],"class_list":["post-1291","post","type-post","status-publish","format-standard","hentry","category-aktuality"],"yoast_head":"<!-- This site is optimized with the Yoast SEO plugin v24.5 - https:\/\/yoast.com\/wordpress\/plugins\/seo\/ -->\n<title>Na Habrovce jsme uvedli inscenaci na t\u00e9ma v\u00edra - Divadlo Pam\u011bti n\u00e1roda<\/title>\n<meta name=\"robots\" content=\"index, follow, max-snippet:-1, max-image-preview:large, max-video-preview:-1\" \/>\n<link rel=\"canonical\" href=\"https:\/\/divadlo.pametnaroda.cz\/en\/2023\/02\/na-habrovce-jsme-uvedli-inscenaci-na-tema-vira\/\" \/>\n<meta property=\"og:locale\" content=\"en_GB\" \/>\n<meta property=\"og:type\" content=\"article\" \/>\n<meta property=\"og:title\" content=\"Na Habrovce jsme uvedli inscenaci na t\u00e9ma v\u00edra - Divadlo Pam\u011bti n\u00e1roda\" \/>\n<meta property=\"og:description\" content=\"19. 2. 2023 Kostel sv. Franti\u0161ka z Assisi o\u017eil v ned\u011bli 19. \u00fanora p\u0159edstaven\u00edm mlad\u00fdch divadeln\u00edk\u016f, kte\u0159\u00ed se sch\u00e1zej\u00ed p\u0159i Divadle Na Fidlova\u010dce. Inscenace \u201cV\u011b\u0159it znamen\u00e1\u2026\u201d sezn\u00e1mila div\u00e1ky jak s p\u0159\u00edb\u011bhy pam\u011btn\u00edk\u016f Milana Posp\u00ed\u0161ila a Josefa Bas\u00edka, dvou p\u0159\u00e1tel, skaut\u016f a farn\u00edk\u016f, kte\u0159\u00ed se ji\u017e roky pod\u00edlej\u00ed na podpo\u0159e kulturn\u00edho \u017eivota komunity, tak s pohledem mlad\u00fdch lid\u00ed na ot\u00e1zky v\u00edry. Do sv\u00e9ho vypr\u00e1v\u011bn\u00ed zahrnuli i \u00favahy nad t\u00edm, jak t\u011b\u017ek\u00e9 bylo v\u011b\u0159it za minul\u00e9ho re\u017eimu.\" \/>\n<meta property=\"og:url\" content=\"https:\/\/divadlo.pametnaroda.cz\/en\/2023\/02\/na-habrovce-jsme-uvedli-inscenaci-na-tema-vira\/\" \/>\n<meta property=\"og:site_name\" content=\"Divadlo Pam\u011bti n\u00e1roda\" \/>\n<meta property=\"article:published_time\" content=\"2023-02-20T11:26:55+00:00\" \/>\n<meta property=\"article:modified_time\" content=\"2025-03-26T13:43:33+00:00\" \/>\n<meta property=\"og:image\" content=\"https:\/\/divadlo.pametnaroda.cz\/media\/sites\/3\/2023\/03\/Divadelni-krouzek-Pameti-naroda_Praha-4_kostel-na-Habrovka-050_19.2.23.jpg\" \/>\n\t<meta property=\"og:image:width\" content=\"1600\" \/>\n\t<meta property=\"og:image:height\" content=\"1067\" \/>\n\t<meta property=\"og:image:type\" content=\"image\/jpeg\" \/>\n<meta name=\"author\" content=\"Divadlo PN\" \/>\n<meta name=\"twitter:card\" content=\"summary_large_image\" \/>\n<meta name=\"twitter:label1\" content=\"Written by\" \/>\n\t<meta name=\"twitter:data1\" content=\"Divadlo PN\" \/>\n\t<meta name=\"twitter:label2\" content=\"Estimated reading time\" \/>\n\t<meta name=\"twitter:data2\" content=\"1 minute\" \/>\n<script type=\"application\/ld+json\" class=\"yoast-schema-graph\">{\"@context\":\"https:\/\/schema.org\",\"@graph\":[{\"@type\":\"WebPage\",\"@id\":\"https:\/\/divadlo.pametnaroda.cz\/2023\/02\/na-habrovce-jsme-uvedli-inscenaci-na-tema-vira\/\",\"url\":\"https:\/\/divadlo.pametnaroda.cz\/2023\/02\/na-habrovce-jsme-uvedli-inscenaci-na-tema-vira\/\",\"name\":\"Na Habrovce jsme uvedli inscenaci na t\u00e9ma v\u00edra - Divadlo Pam\u011bti n\u00e1roda\",\"isPartOf\":{\"@id\":\"https:\/\/divadlo.pametnaroda.cz\/#website\"},\"primaryImageOfPage\":{\"@id\":\"https:\/\/divadlo.pametnaroda.cz\/2023\/02\/na-habrovce-jsme-uvedli-inscenaci-na-tema-vira\/#primaryimage\"},\"image\":{\"@id\":\"https:\/\/divadlo.pametnaroda.cz\/2023\/02\/na-habrovce-jsme-uvedli-inscenaci-na-tema-vira\/#primaryimage\"},\"thumbnailUrl\":\"https:\/\/divadlo.pametnaroda.cz\/media\/sites\/3\/2023\/03\/Divadelni-krouzek-Pameti-naroda_Praha-4_kostel-na-Habrovka-050_19.2.23-300x200.jpg\",\"datePublished\":\"2023-02-20T11:26:55+00:00\",\"dateModified\":\"2025-03-26T13:43:33+00:00\",\"author\":{\"@id\":\"https:\/\/divadlo.pametnaroda.cz\/#\/schema\/person\/1bd4c1ebef3b90d9cf2eeabf6ed899c2\"},\"breadcrumb\":{\"@id\":\"https:\/\/divadlo.pametnaroda.cz\/2023\/02\/na-habrovce-jsme-uvedli-inscenaci-na-tema-vira\/#breadcrumb\"},\"inLanguage\":\"en-GB\",\"potentialAction\":[{\"@type\":\"ReadAction\",\"target\":[\"https:\/\/divadlo.pametnaroda.cz\/2023\/02\/na-habrovce-jsme-uvedli-inscenaci-na-tema-vira\/\"]}]},{\"@type\":\"ImageObject\",\"inLanguage\":\"en-GB\",\"@id\":\"https:\/\/divadlo.pametnaroda.cz\/2023\/02\/na-habrovce-jsme-uvedli-inscenaci-na-tema-vira\/#primaryimage\",\"url\":\"https:\/\/divadlo.pametnaroda.cz\/media\/sites\/3\/2023\/03\/Divadelni-krouzek-Pameti-naroda_Praha-4_kostel-na-Habrovka-050_19.2.23-300x200.jpg\",\"contentUrl\":\"https:\/\/divadlo.pametnaroda.cz\/media\/sites\/3\/2023\/03\/Divadelni-krouzek-Pameti-naroda_Praha-4_kostel-na-Habrovka-050_19.2.23-300x200.jpg\"},{\"@type\":\"BreadcrumbList\",\"@id\":\"https:\/\/divadlo.pametnaroda.cz\/2023\/02\/na-habrovce-jsme-uvedli-inscenaci-na-tema-vira\/#breadcrumb\",\"itemListElement\":[{\"@type\":\"ListItem\",\"position\":1,\"name\":\"Dom\u016f\",\"item\":\"https:\/\/divadlo.pametnaroda.cz\/\"},{\"@type\":\"ListItem\",\"position\":2,\"name\":\"Na Habrovce jsme uvedli inscenaci na t\u00e9ma v\u00edra\"}]},{\"@type\":\"WebSite\",\"@id\":\"https:\/\/divadlo.pametnaroda.cz\/#website\",\"url\":\"https:\/\/divadlo.pametnaroda.cz\/\",\"name\":\"Divadlo Pam\u011bti n\u00e1roda\",\"description\":\"Vypr\u00e1v\u00edme p\u0159\u00edb\u011bhy 20. stolet\u00ed skrze autentick\u00e1 sv\u011bdectv\u00ed Pam\u011bti n\u00e1roda\",\"potentialAction\":[{\"@type\":\"SearchAction\",\"target\":{\"@type\":\"EntryPoint\",\"urlTemplate\":\"https:\/\/divadlo.pametnaroda.cz\/?s={search_term_string}\"},\"query-input\":{\"@type\":\"PropertyValueSpecification\",\"valueRequired\":true,\"valueName\":\"search_term_string\"}}],\"inLanguage\":\"en-GB\"},{\"@type\":\"Person\",\"@id\":\"https:\/\/divadlo.pametnaroda.cz\/#\/schema\/person\/1bd4c1ebef3b90d9cf2eeabf6ed899c2\",\"name\":\"Divadlo PN\",\"image\":{\"@type\":\"ImageObject\",\"inLanguage\":\"en-GB\",\"@id\":\"https:\/\/divadlo.pametnaroda.cz\/#\/schema\/person\/image\/\",\"url\":\"https:\/\/secure.gravatar.com\/avatar\/8c0eabc35d7908c7150a51872520b359?s=96&d=mm&r=g\",\"contentUrl\":\"https:\/\/secure.gravatar.com\/avatar\/8c0eabc35d7908c7150a51872520b359?s=96&d=mm&r=g\",\"caption\":\"Divadlo PN\"},\"url\":\"https:\/\/divadlo.pametnaroda.cz\/en\/author\/tamarapomoriski\/\"}]}<\/script>\n<!-- \/ Yoast SEO plugin. -->","yoast_head_json":{"title":"Na Habrovce jsme uvedli inscenaci na t\u00e9ma v\u00edra - Divadlo Pam\u011bti n\u00e1roda","robots":{"index":"index","follow":"follow","max-snippet":"max-snippet:-1","max-image-preview":"max-image-preview:large","max-video-preview":"max-video-preview:-1"},"canonical":"https:\/\/divadlo.pametnaroda.cz\/en\/2023\/02\/na-habrovce-jsme-uvedli-inscenaci-na-tema-vira\/","og_locale":"en_GB","og_type":"article","og_title":"Na Habrovce jsme uvedli inscenaci na t\u00e9ma v\u00edra - Divadlo Pam\u011bti n\u00e1roda","og_description":"19. 2. 2023 Kostel sv. Franti\u0161ka z Assisi o\u017eil v ned\u011bli 19. \u00fanora p\u0159edstaven\u00edm mlad\u00fdch divadeln\u00edk\u016f, kte\u0159\u00ed se sch\u00e1zej\u00ed p\u0159i Divadle Na Fidlova\u010dce. Inscenace \u201cV\u011b\u0159it znamen\u00e1\u2026\u201d sezn\u00e1mila div\u00e1ky jak s p\u0159\u00edb\u011bhy pam\u011btn\u00edk\u016f Milana Posp\u00ed\u0161ila a Josefa Bas\u00edka, dvou p\u0159\u00e1tel, skaut\u016f a farn\u00edk\u016f, kte\u0159\u00ed se ji\u017e roky pod\u00edlej\u00ed na podpo\u0159e kulturn\u00edho \u017eivota komunity, tak s pohledem mlad\u00fdch lid\u00ed na ot\u00e1zky v\u00edry. Do sv\u00e9ho vypr\u00e1v\u011bn\u00ed zahrnuli i \u00favahy nad t\u00edm, jak t\u011b\u017ek\u00e9 bylo v\u011b\u0159it za minul\u00e9ho re\u017eimu.","og_url":"https:\/\/divadlo.pametnaroda.cz\/en\/2023\/02\/na-habrovce-jsme-uvedli-inscenaci-na-tema-vira\/","og_site_name":"Divadlo Pam\u011bti n\u00e1roda","article_published_time":"2023-02-20T11:26:55+00:00","article_modified_time":"2025-03-26T13:43:33+00:00","og_image":[{"width":1600,"height":1067,"url":"https:\/\/divadlo.pametnaroda.cz\/media\/sites\/3\/2023\/03\/Divadelni-krouzek-Pameti-naroda_Praha-4_kostel-na-Habrovka-050_19.2.23.jpg","type":"image\/jpeg"}],"author":"Divadlo PN","twitter_card":"summary_large_image","twitter_misc":{"Written by":"Divadlo PN","Estimated reading time":"1 minute"},"schema":{"@context":"https:\/\/schema.org","@graph":[{"@type":"WebPage","@id":"https:\/\/divadlo.pametnaroda.cz\/2023\/02\/na-habrovce-jsme-uvedli-inscenaci-na-tema-vira\/","url":"https:\/\/divadlo.pametnaroda.cz\/2023\/02\/na-habrovce-jsme-uvedli-inscenaci-na-tema-vira\/","name":"Na Habrovce jsme uvedli inscenaci na t\u00e9ma v\u00edra - Divadlo Pam\u011bti n\u00e1roda","isPartOf":{"@id":"https:\/\/divadlo.pametnaroda.cz\/#website"},"primaryImageOfPage":{"@id":"https:\/\/divadlo.pametnaroda.cz\/2023\/02\/na-habrovce-jsme-uvedli-inscenaci-na-tema-vira\/#primaryimage"},"image":{"@id":"https:\/\/divadlo.pametnaroda.cz\/2023\/02\/na-habrovce-jsme-uvedli-inscenaci-na-tema-vira\/#primaryimage"},"thumbnailUrl":"https:\/\/divadlo.pametnaroda.cz\/media\/sites\/3\/2023\/03\/Divadelni-krouzek-Pameti-naroda_Praha-4_kostel-na-Habrovka-050_19.2.23-300x200.jpg","datePublished":"2023-02-20T11:26:55+00:00","dateModified":"2025-03-26T13:43:33+00:00","author":{"@id":"https:\/\/divadlo.pametnaroda.cz\/#\/schema\/person\/1bd4c1ebef3b90d9cf2eeabf6ed899c2"},"breadcrumb":{"@id":"https:\/\/divadlo.pametnaroda.cz\/2023\/02\/na-habrovce-jsme-uvedli-inscenaci-na-tema-vira\/#breadcrumb"},"inLanguage":"en-GB","potentialAction":[{"@type":"ReadAction","target":["https:\/\/divadlo.pametnaroda.cz\/2023\/02\/na-habrovce-jsme-uvedli-inscenaci-na-tema-vira\/"]}]},{"@type":"ImageObject","inLanguage":"en-GB","@id":"https:\/\/divadlo.pametnaroda.cz\/2023\/02\/na-habrovce-jsme-uvedli-inscenaci-na-tema-vira\/#primaryimage","url":"https:\/\/divadlo.pametnaroda.cz\/media\/sites\/3\/2023\/03\/Divadelni-krouzek-Pameti-naroda_Praha-4_kostel-na-Habrovka-050_19.2.23-300x200.jpg","contentUrl":"https:\/\/divadlo.pametnaroda.cz\/media\/sites\/3\/2023\/03\/Divadelni-krouzek-Pameti-naroda_Praha-4_kostel-na-Habrovka-050_19.2.23-300x200.jpg"},{"@type":"BreadcrumbList","@id":"https:\/\/divadlo.pametnaroda.cz\/2023\/02\/na-habrovce-jsme-uvedli-inscenaci-na-tema-vira\/#breadcrumb","itemListElement":[{"@type":"ListItem","position":1,"name":"Dom\u016f","item":"https:\/\/divadlo.pametnaroda.cz\/"},{"@type":"ListItem","position":2,"name":"Na Habrovce jsme uvedli inscenaci na t\u00e9ma v\u00edra"}]},{"@type":"WebSite","@id":"https:\/\/divadlo.pametnaroda.cz\/#website","url":"https:\/\/divadlo.pametnaroda.cz\/","name":"Divadlo Pam\u011bti n\u00e1roda","description":"Vypr\u00e1v\u00edme p\u0159\u00edb\u011bhy 20. stolet\u00ed skrze autentick\u00e1 sv\u011bdectv\u00ed Pam\u011bti n\u00e1roda","potentialAction":[{"@type":"SearchAction","target":{"@type":"EntryPoint","urlTemplate":"https:\/\/divadlo.pametnaroda.cz\/?s={search_term_string}"},"query-input":{"@type":"PropertyValueSpecification","valueRequired":true,"valueName":"search_term_string"}}],"inLanguage":"en-GB"},{"@type":"Person","@id":"https:\/\/divadlo.pametnaroda.cz\/#\/schema\/person\/1bd4c1ebef3b90d9cf2eeabf6ed899c2","name":"Divadlo PN","image":{"@type":"ImageObject","inLanguage":"en-GB","@id":"https:\/\/divadlo.pametnaroda.cz\/#\/schema\/person\/image\/","url":"https:\/\/secure.gravatar.com\/avatar\/8c0eabc35d7908c7150a51872520b359?s=96&d=mm&r=g","contentUrl":"https:\/\/secure.gravatar.com\/avatar\/8c0eabc35d7908c7150a51872520b359?s=96&d=mm&r=g","caption":"Divadlo PN"},"url":"https:\/\/divadlo.pametnaroda.cz\/en\/author\/tamarapomoriski\/"}]}},"_links":{"self":[{"href":"https:\/\/divadlo.pametnaroda.cz\/en\/wp-json\/wp\/v2\/posts\/1291","targetHints":{"allow":["GET"]}}],"collection":[{"href":"https:\/\/divadlo.pametnaroda.cz\/en\/wp-json\/wp\/v2\/posts"}],"about":[{"href":"https:\/\/divadlo.pametnaroda.cz\/en\/wp-json\/wp\/v2\/types\/post"}],"author":[{"embeddable":true,"href":"https:\/\/divadlo.pametnaroda.cz\/en\/wp-json\/wp\/v2\/users\/7"}],"replies":[{"embeddable":true,"href":"https:\/\/divadlo.pametnaroda.cz\/en\/wp-json\/wp\/v2\/comments?post=1291"}],"version-history":[{"count":0,"href":"https:\/\/divadlo.pametnaroda.cz\/en\/wp-json\/wp\/v2\/posts\/1291\/revisions"}],"wp:attachment":[{"href":"https:\/\/divadlo.pametnaroda.cz\/en\/wp-json\/wp\/v2\/media?parent=1291"}],"wp:term":[{"taxonomy":"category","embeddable":true,"href":"https:\/\/divadlo.pametnaroda.cz\/en\/wp-json\/wp\/v2\/categories?post=1291"},{"taxonomy":"post_tag","embeddable":true,"href":"https:\/\/divadlo.pametnaroda.cz\/en\/wp-json\/wp\/v2\/tags?post=1291"}],"curies":[{"name":"wp","href":"https:\/\/api.w.org\/{rel}","templated":true}]}}