{"id":1383,"date":"2023-03-20T15:49:11","date_gmt":"2023-03-20T14:49:11","guid":{"rendered":"https:\/\/divadlo.pametnaroda.cz\/?p=1383"},"modified":"2025-03-26T14:40:17","modified_gmt":"2025-03-26T13:40:17","slug":"prihlasky-na-letni-divadelni-dilny-2023-najdete-zde","status":"publish","type":"post","link":"https:\/\/divadlo.pametnaroda.cz\/en\/2023\/03\/prihlasky-na-letni-divadelni-dilny-2023-najdete-zde\/","title":{"rendered":"Letn\u00ed divadeln\u00ed d\u00edlny 2023"},"content":{"rendered":"<p>20. 3. 2023<\/p>\n<p><span style=\"font-weight: 400\">I letos po\u0159\u00e1d\u00e1me letn\u00ed divadeln\u00ed d\u00edlny a tentokr\u00e1t budou spojen\u00e9 s oslavami st\u00e9ho v\u00fdro\u010d\u00ed \u010cesk\u00e9ho rozhlasu. R\u00e1di V\u00e1s na n\u011b zveme. <\/span><span style=\"font-weight: 400\">Poj\u010fme spole\u010dn\u011b o\u017eivit rozhlasov\u00e9 p\u0159\u00edb\u011bhy. Jeho redakto\u0159i zaznamen\u00e1vali a reflektovali d\u016fle\u017eit\u00e9 mezn\u00edky na\u0161ich modern\u00edch d\u011bjin. Kdo se p\u0159id\u00e1, nahl\u00e9dne do rozmanit\u00fdch rozhlasov\u00fdch povol\u00e1n\u00ed, ocitne se v \u010dase d\u016fle\u017eit\u00fdch historick\u00fdch moment\u016f, inspiruje se p\u0159\u00edb\u011bhy pam\u011btn\u00edk\u016f, nato\u010d\u00ed rozhlasov\u00fd ske\u010d \u010di podcast a v\u0161e nakonec spole\u010dn\u011b s lektory zapracuje do divadeln\u00edho tvaru. Hl\u00e1sit se m\u016f\u017eete <\/span><strong><span style=\"color: #3366ff\"><a style=\"color: #3366ff\" href=\"https:\/\/docs.google.com\/forms\/d\/1EH7CSgESWci-yUTgtIuKGCvEuMtgy6WiIcEHVNPK41Y\/edit\">HERE<\/a><\/span><\/strong><span style=\"font-weight: 400\">.<\/span><\/p>\n<div>V\u00edtan\u00e9 jsou rovn\u011b\u017e d\u011bti z Ukrajiny (bez nutnosti platit kurzovn\u00e9). Podm\u00ednkou je v\u0161ak z\u00e1kladn\u00ed znalost \u010desk\u00e9ho jazyka.<\/div>\n<p><span style=\"font-weight: 400\">D\u00edlnu v centru Prahy nab\u00edz\u00edme ve t\u0159ech term\u00ednech. Program je celodenn\u00ed <\/span><span style=\"font-weight: 400\">(v \u010dase 10 &#8211; 17)<\/span><span style=\"font-weight: 400\">, cena 3 600 K\u010d zahrnuje i celodenn\u00ed stravov\u00e1n\u00ed. Prvn\u00ed term\u00edn je vyhrazen st\u0159edo\u0161kol\u00e1k\u016fm.<\/span><\/p>\n<ol>\n<li style=\"font-weight: 400\"><span style=\"font-weight: 400\">term\u00edn: <\/span><span style=\"font-weight: 400\">10. &#8211; 14. \u010dervence 2023 (pouze pro st\u0159edo\u0161kol\u00e1ky)<\/span><\/li>\n<li style=\"font-weight: 400\"><span style=\"font-weight: 400\">term\u00edn: 14. &#8211; 18. srpna 2023 (druh\u00fd stupe\u0148 Z\u0160, 12-15 let)<\/span><\/li>\n<li style=\"font-weight: 400\"><span style=\"font-weight: 400\">term\u00edn: 21. &#8211; 25. srpna 2023 (druh\u00fd stupe\u0148 Z\u0160, 12-15 let)<\/span><\/li>\n<\/ol>\n<p><em>\u00a0<a href=\"https:\/\/divadlo.pametnaroda.cz\/media\/sites\/3\/2022\/11\/logo-cernobila-varianta-JPG.jpeg\"><img decoding=\"async\" class=\"lazyload alignnone  wp-image-1233\" src=\"https:\/\/divadlo.pametnaroda.cz\/media\/sites\/3\/2022\/11\/logo-cernobila-varianta-JPG-300x164.jpeg\" data-orig-src=\"https:\/\/divadlo.pametnaroda.cz\/media\/sites\/3\/2022\/11\/logo-cernobila-varianta-JPG-300x164.jpeg\" alt=\"\" width=\"146\" height=\"80\" srcset=\"data:image\/svg+xml,%3Csvg%20xmlns%3D%27http%3A%2F%2Fwww.w3.org%2F2000%2Fsvg%27%20width%3D%27146%27%20height%3D%2780%27%20viewBox%3D%270%200%20146%2080%27%3E%3Crect%20width%3D%27146%27%20height%3D%2780%27%20fill-opacity%3D%220%22%2F%3E%3C%2Fsvg%3E\" data-srcset=\"https:\/\/divadlo.pametnaroda.cz\/media\/sites\/3\/2022\/11\/logo-cernobila-varianta-JPG-18x10.jpeg 18w, https:\/\/divadlo.pametnaroda.cz\/media\/sites\/3\/2022\/11\/logo-cernobila-varianta-JPG-200x109.jpeg 200w, https:\/\/divadlo.pametnaroda.cz\/media\/sites\/3\/2022\/11\/logo-cernobila-varianta-JPG-300x164.jpeg 300w, https:\/\/divadlo.pametnaroda.cz\/media\/sites\/3\/2022\/11\/logo-cernobila-varianta-JPG-400x218.jpeg 400w, https:\/\/divadlo.pametnaroda.cz\/media\/sites\/3\/2022\/11\/logo-cernobila-varianta-JPG-600x328.jpeg 600w, https:\/\/divadlo.pametnaroda.cz\/media\/sites\/3\/2022\/11\/logo-cernobila-varianta-JPG-768x419.jpeg 768w, https:\/\/divadlo.pametnaroda.cz\/media\/sites\/3\/2022\/11\/logo-cernobila-varianta-JPG-800x437.jpeg 800w, https:\/\/divadlo.pametnaroda.cz\/media\/sites\/3\/2022\/11\/logo-cernobila-varianta-JPG-1024x559.jpeg 1024w, https:\/\/divadlo.pametnaroda.cz\/media\/sites\/3\/2022\/11\/logo-cernobila-varianta-JPG-1200x655.jpeg 1200w, https:\/\/divadlo.pametnaroda.cz\/media\/sites\/3\/2022\/11\/logo-cernobila-varianta-JPG-1536x838.jpeg 1536w, https:\/\/divadlo.pametnaroda.cz\/media\/sites\/3\/2022\/11\/logo-cernobila-varianta-JPG.jpeg 1920w\" data-sizes=\"auto\" data-orig-sizes=\"(max-width: 146px) 100vw, 146px\" \/><\/a> The project is co-financed by the City of Prague 3 <\/em><\/p>","protected":false},"excerpt":{"rendered":"<p>20. 3. 2023 I letos po\u0159\u00e1d\u00e1me letn\u00ed divadeln\u00ed d\u00edlny a tentokr\u00e1t budou spojen\u00e9 s oslavami st\u00e9ho v\u00fdro\u010d\u00ed \u010cesk\u00e9ho rozhlasu. R\u00e1di V\u00e1s na n\u011b zveme. Poj\u010fme spole\u010dn\u011b o\u017eivit rozhlasov\u00e9 p\u0159\u00edb\u011bhy. Jeho redakto\u0159i zaznamen\u00e1vali a reflektovali d\u016fle\u017eit\u00e9 mezn\u00edky na\u0161ich modern\u00edch d\u011bjin. Kdo se p\u0159id\u00e1, nahl\u00e9dne do rozmanit\u00fdch rozhlasov\u00fdch povol\u00e1n\u00ed, ocitne se v \u010dase d\u016fle\u017eit\u00fdch historick\u00fdch moment\u016f, inspiruje se p\u0159\u00edb\u011bhy pam\u011btn\u00edk\u016f, nato\u010d\u00ed rozhlasov\u00fd ske\u010d \u010di podcast a v\u0161e nakonec spole\u010dn\u011b s lektory zapracuje do divadeln\u00edho tvaru. Hl\u00e1sit se m\u016f\u017eete ZDE. V\u00edtan\u00e9 jsou rovn\u011b\u017e d\u011bti z Ukrajiny (bez nutnosti platit kurzovn\u00e9). Podm\u00ednkou je v\u0161ak z\u00e1kladn\u00ed znalost \u010desk\u00e9ho jazyka. D\u00edlnu v centru Prahy nab\u00edz\u00edme ve t\u0159ech [&hellip;]<\/p>","protected":false},"author":7,"featured_media":0,"comment_status":"closed","ping_status":"closed","sticky":false,"template":"","format":"standard","meta":{"footnotes":""},"categories":[75],"tags":[],"class_list":["post-1383","post","type-post","status-publish","format-standard","hentry","category-aktuality"],"yoast_head":"<!-- This site is optimized with the Yoast SEO plugin v24.5 - https:\/\/yoast.com\/wordpress\/plugins\/seo\/ -->\n<title>Letn\u00ed divadeln\u00ed d\u00edlny 2023 - Divadlo Pam\u011bti n\u00e1roda<\/title>\n<meta name=\"robots\" content=\"index, follow, max-snippet:-1, max-image-preview:large, max-video-preview:-1\" \/>\n<link rel=\"canonical\" href=\"https:\/\/divadlo.pametnaroda.cz\/en\/2023\/03\/prihlasky-na-letni-divadelni-dilny-2023-najdete-zde\/\" \/>\n<meta property=\"og:locale\" content=\"en_GB\" \/>\n<meta property=\"og:type\" content=\"article\" \/>\n<meta property=\"og:title\" content=\"Letn\u00ed divadeln\u00ed d\u00edlny 2023 - Divadlo Pam\u011bti n\u00e1roda\" \/>\n<meta property=\"og:description\" content=\"20. 3. 2023 I letos po\u0159\u00e1d\u00e1me letn\u00ed divadeln\u00ed d\u00edlny a tentokr\u00e1t budou spojen\u00e9 s oslavami st\u00e9ho v\u00fdro\u010d\u00ed \u010cesk\u00e9ho rozhlasu. R\u00e1di V\u00e1s na n\u011b zveme. Poj\u010fme spole\u010dn\u011b o\u017eivit rozhlasov\u00e9 p\u0159\u00edb\u011bhy. Jeho redakto\u0159i zaznamen\u00e1vali a reflektovali d\u016fle\u017eit\u00e9 mezn\u00edky na\u0161ich modern\u00edch d\u011bjin. Kdo se p\u0159id\u00e1, nahl\u00e9dne do rozmanit\u00fdch rozhlasov\u00fdch povol\u00e1n\u00ed, ocitne se v \u010dase d\u016fle\u017eit\u00fdch historick\u00fdch moment\u016f, inspiruje se p\u0159\u00edb\u011bhy pam\u011btn\u00edk\u016f, nato\u010d\u00ed rozhlasov\u00fd ske\u010d \u010di podcast a v\u0161e nakonec spole\u010dn\u011b s lektory zapracuje do divadeln\u00edho tvaru. Hl\u00e1sit se m\u016f\u017eete ZDE. V\u00edtan\u00e9 jsou rovn\u011b\u017e d\u011bti z Ukrajiny (bez nutnosti platit kurzovn\u00e9). Podm\u00ednkou je v\u0161ak z\u00e1kladn\u00ed znalost \u010desk\u00e9ho jazyka. D\u00edlnu v centru Prahy nab\u00edz\u00edme ve t\u0159ech [&hellip;]\" \/>\n<meta property=\"og:url\" content=\"https:\/\/divadlo.pametnaroda.cz\/en\/2023\/03\/prihlasky-na-letni-divadelni-dilny-2023-najdete-zde\/\" \/>\n<meta property=\"og:site_name\" content=\"Divadlo Pam\u011bti n\u00e1roda\" \/>\n<meta property=\"article:published_time\" content=\"2023-03-20T14:49:11+00:00\" \/>\n<meta property=\"article:modified_time\" content=\"2025-03-26T13:40:17+00:00\" \/>\n<meta property=\"og:image\" content=\"https:\/\/divadlo.pametnaroda.cz\/media\/sites\/3\/2022\/11\/logo-cernobila-varianta-JPG.jpeg\" \/>\n\t<meta property=\"og:image:width\" content=\"1920\" \/>\n\t<meta property=\"og:image:height\" content=\"1048\" \/>\n\t<meta property=\"og:image:type\" content=\"image\/jpeg\" \/>\n<meta name=\"author\" content=\"Divadlo PN\" \/>\n<meta name=\"twitter:card\" content=\"summary_large_image\" \/>\n<meta name=\"twitter:label1\" content=\"Written by\" \/>\n\t<meta name=\"twitter:data1\" content=\"Divadlo PN\" \/>\n\t<meta name=\"twitter:label2\" content=\"Estimated reading time\" \/>\n\t<meta name=\"twitter:data2\" content=\"1 minute\" \/>\n<script type=\"application\/ld+json\" class=\"yoast-schema-graph\">{\"@context\":\"https:\/\/schema.org\",\"@graph\":[{\"@type\":\"WebPage\",\"@id\":\"https:\/\/divadlo.pametnaroda.cz\/2023\/03\/prihlasky-na-letni-divadelni-dilny-2023-najdete-zde\/\",\"url\":\"https:\/\/divadlo.pametnaroda.cz\/2023\/03\/prihlasky-na-letni-divadelni-dilny-2023-najdete-zde\/\",\"name\":\"Letn\u00ed divadeln\u00ed d\u00edlny 2023 - Divadlo Pam\u011bti n\u00e1roda\",\"isPartOf\":{\"@id\":\"https:\/\/divadlo.pametnaroda.cz\/#website\"},\"primaryImageOfPage\":{\"@id\":\"https:\/\/divadlo.pametnaroda.cz\/2023\/03\/prihlasky-na-letni-divadelni-dilny-2023-najdete-zde\/#primaryimage\"},\"image\":{\"@id\":\"https:\/\/divadlo.pametnaroda.cz\/2023\/03\/prihlasky-na-letni-divadelni-dilny-2023-najdete-zde\/#primaryimage\"},\"thumbnailUrl\":\"https:\/\/divadlo.pametnaroda.cz\/media\/sites\/3\/2022\/11\/logo-cernobila-varianta-JPG-300x164.jpeg\",\"datePublished\":\"2023-03-20T14:49:11+00:00\",\"dateModified\":\"2025-03-26T13:40:17+00:00\",\"author\":{\"@id\":\"https:\/\/divadlo.pametnaroda.cz\/#\/schema\/person\/1bd4c1ebef3b90d9cf2eeabf6ed899c2\"},\"breadcrumb\":{\"@id\":\"https:\/\/divadlo.pametnaroda.cz\/2023\/03\/prihlasky-na-letni-divadelni-dilny-2023-najdete-zde\/#breadcrumb\"},\"inLanguage\":\"en-GB\",\"potentialAction\":[{\"@type\":\"ReadAction\",\"target\":[\"https:\/\/divadlo.pametnaroda.cz\/2023\/03\/prihlasky-na-letni-divadelni-dilny-2023-najdete-zde\/\"]}]},{\"@type\":\"ImageObject\",\"inLanguage\":\"en-GB\",\"@id\":\"https:\/\/divadlo.pametnaroda.cz\/2023\/03\/prihlasky-na-letni-divadelni-dilny-2023-najdete-zde\/#primaryimage\",\"url\":\"https:\/\/divadlo.pametnaroda.cz\/media\/sites\/3\/2022\/11\/logo-cernobila-varianta-JPG-300x164.jpeg\",\"contentUrl\":\"https:\/\/divadlo.pametnaroda.cz\/media\/sites\/3\/2022\/11\/logo-cernobila-varianta-JPG-300x164.jpeg\"},{\"@type\":\"BreadcrumbList\",\"@id\":\"https:\/\/divadlo.pametnaroda.cz\/2023\/03\/prihlasky-na-letni-divadelni-dilny-2023-najdete-zde\/#breadcrumb\",\"itemListElement\":[{\"@type\":\"ListItem\",\"position\":1,\"name\":\"Dom\u016f\",\"item\":\"https:\/\/divadlo.pametnaroda.cz\/\"},{\"@type\":\"ListItem\",\"position\":2,\"name\":\"Letn\u00ed divadeln\u00ed d\u00edlny 2023\"}]},{\"@type\":\"WebSite\",\"@id\":\"https:\/\/divadlo.pametnaroda.cz\/#website\",\"url\":\"https:\/\/divadlo.pametnaroda.cz\/\",\"name\":\"Divadlo Pam\u011bti n\u00e1roda\",\"description\":\"Vypr\u00e1v\u00edme p\u0159\u00edb\u011bhy 20. stolet\u00ed skrze autentick\u00e1 sv\u011bdectv\u00ed Pam\u011bti n\u00e1roda\",\"potentialAction\":[{\"@type\":\"SearchAction\",\"target\":{\"@type\":\"EntryPoint\",\"urlTemplate\":\"https:\/\/divadlo.pametnaroda.cz\/?s={search_term_string}\"},\"query-input\":{\"@type\":\"PropertyValueSpecification\",\"valueRequired\":true,\"valueName\":\"search_term_string\"}}],\"inLanguage\":\"en-GB\"},{\"@type\":\"Person\",\"@id\":\"https:\/\/divadlo.pametnaroda.cz\/#\/schema\/person\/1bd4c1ebef3b90d9cf2eeabf6ed899c2\",\"name\":\"Divadlo PN\",\"image\":{\"@type\":\"ImageObject\",\"inLanguage\":\"en-GB\",\"@id\":\"https:\/\/divadlo.pametnaroda.cz\/#\/schema\/person\/image\/\",\"url\":\"https:\/\/secure.gravatar.com\/avatar\/8c0eabc35d7908c7150a51872520b359?s=96&d=mm&r=g\",\"contentUrl\":\"https:\/\/secure.gravatar.com\/avatar\/8c0eabc35d7908c7150a51872520b359?s=96&d=mm&r=g\",\"caption\":\"Divadlo PN\"},\"url\":\"https:\/\/divadlo.pametnaroda.cz\/en\/author\/tamarapomoriski\/\"}]}<\/script>\n<!-- \/ Yoast SEO plugin. -->","yoast_head_json":{"title":"Letn\u00ed divadeln\u00ed d\u00edlny 2023 - Divadlo Pam\u011bti n\u00e1roda","robots":{"index":"index","follow":"follow","max-snippet":"max-snippet:-1","max-image-preview":"max-image-preview:large","max-video-preview":"max-video-preview:-1"},"canonical":"https:\/\/divadlo.pametnaroda.cz\/en\/2023\/03\/prihlasky-na-letni-divadelni-dilny-2023-najdete-zde\/","og_locale":"en_GB","og_type":"article","og_title":"Letn\u00ed divadeln\u00ed d\u00edlny 2023 - Divadlo Pam\u011bti n\u00e1roda","og_description":"20. 3. 2023 I letos po\u0159\u00e1d\u00e1me letn\u00ed divadeln\u00ed d\u00edlny a tentokr\u00e1t budou spojen\u00e9 s oslavami st\u00e9ho v\u00fdro\u010d\u00ed \u010cesk\u00e9ho rozhlasu. R\u00e1di V\u00e1s na n\u011b zveme. Poj\u010fme spole\u010dn\u011b o\u017eivit rozhlasov\u00e9 p\u0159\u00edb\u011bhy. Jeho redakto\u0159i zaznamen\u00e1vali a reflektovali d\u016fle\u017eit\u00e9 mezn\u00edky na\u0161ich modern\u00edch d\u011bjin. Kdo se p\u0159id\u00e1, nahl\u00e9dne do rozmanit\u00fdch rozhlasov\u00fdch povol\u00e1n\u00ed, ocitne se v \u010dase d\u016fle\u017eit\u00fdch historick\u00fdch moment\u016f, inspiruje se p\u0159\u00edb\u011bhy pam\u011btn\u00edk\u016f, nato\u010d\u00ed rozhlasov\u00fd ske\u010d \u010di podcast a v\u0161e nakonec spole\u010dn\u011b s lektory zapracuje do divadeln\u00edho tvaru. Hl\u00e1sit se m\u016f\u017eete ZDE. V\u00edtan\u00e9 jsou rovn\u011b\u017e d\u011bti z Ukrajiny (bez nutnosti platit kurzovn\u00e9). Podm\u00ednkou je v\u0161ak z\u00e1kladn\u00ed znalost \u010desk\u00e9ho jazyka. D\u00edlnu v centru Prahy nab\u00edz\u00edme ve t\u0159ech [&hellip;]","og_url":"https:\/\/divadlo.pametnaroda.cz\/en\/2023\/03\/prihlasky-na-letni-divadelni-dilny-2023-najdete-zde\/","og_site_name":"Divadlo Pam\u011bti n\u00e1roda","article_published_time":"2023-03-20T14:49:11+00:00","article_modified_time":"2025-03-26T13:40:17+00:00","og_image":[{"width":1920,"height":1048,"url":"https:\/\/divadlo.pametnaroda.cz\/media\/sites\/3\/2022\/11\/logo-cernobila-varianta-JPG.jpeg","type":"image\/jpeg"}],"author":"Divadlo PN","twitter_card":"summary_large_image","twitter_misc":{"Written by":"Divadlo PN","Estimated reading time":"1 minute"},"schema":{"@context":"https:\/\/schema.org","@graph":[{"@type":"WebPage","@id":"https:\/\/divadlo.pametnaroda.cz\/2023\/03\/prihlasky-na-letni-divadelni-dilny-2023-najdete-zde\/","url":"https:\/\/divadlo.pametnaroda.cz\/2023\/03\/prihlasky-na-letni-divadelni-dilny-2023-najdete-zde\/","name":"Letn\u00ed divadeln\u00ed d\u00edlny 2023 - Divadlo Pam\u011bti n\u00e1roda","isPartOf":{"@id":"https:\/\/divadlo.pametnaroda.cz\/#website"},"primaryImageOfPage":{"@id":"https:\/\/divadlo.pametnaroda.cz\/2023\/03\/prihlasky-na-letni-divadelni-dilny-2023-najdete-zde\/#primaryimage"},"image":{"@id":"https:\/\/divadlo.pametnaroda.cz\/2023\/03\/prihlasky-na-letni-divadelni-dilny-2023-najdete-zde\/#primaryimage"},"thumbnailUrl":"https:\/\/divadlo.pametnaroda.cz\/media\/sites\/3\/2022\/11\/logo-cernobila-varianta-JPG-300x164.jpeg","datePublished":"2023-03-20T14:49:11+00:00","dateModified":"2025-03-26T13:40:17+00:00","author":{"@id":"https:\/\/divadlo.pametnaroda.cz\/#\/schema\/person\/1bd4c1ebef3b90d9cf2eeabf6ed899c2"},"breadcrumb":{"@id":"https:\/\/divadlo.pametnaroda.cz\/2023\/03\/prihlasky-na-letni-divadelni-dilny-2023-najdete-zde\/#breadcrumb"},"inLanguage":"en-GB","potentialAction":[{"@type":"ReadAction","target":["https:\/\/divadlo.pametnaroda.cz\/2023\/03\/prihlasky-na-letni-divadelni-dilny-2023-najdete-zde\/"]}]},{"@type":"ImageObject","inLanguage":"en-GB","@id":"https:\/\/divadlo.pametnaroda.cz\/2023\/03\/prihlasky-na-letni-divadelni-dilny-2023-najdete-zde\/#primaryimage","url":"https:\/\/divadlo.pametnaroda.cz\/media\/sites\/3\/2022\/11\/logo-cernobila-varianta-JPG-300x164.jpeg","contentUrl":"https:\/\/divadlo.pametnaroda.cz\/media\/sites\/3\/2022\/11\/logo-cernobila-varianta-JPG-300x164.jpeg"},{"@type":"BreadcrumbList","@id":"https:\/\/divadlo.pametnaroda.cz\/2023\/03\/prihlasky-na-letni-divadelni-dilny-2023-najdete-zde\/#breadcrumb","itemListElement":[{"@type":"ListItem","position":1,"name":"Dom\u016f","item":"https:\/\/divadlo.pametnaroda.cz\/"},{"@type":"ListItem","position":2,"name":"Letn\u00ed divadeln\u00ed d\u00edlny 2023"}]},{"@type":"WebSite","@id":"https:\/\/divadlo.pametnaroda.cz\/#website","url":"https:\/\/divadlo.pametnaroda.cz\/","name":"Divadlo Pam\u011bti n\u00e1roda","description":"Vypr\u00e1v\u00edme p\u0159\u00edb\u011bhy 20. stolet\u00ed skrze autentick\u00e1 sv\u011bdectv\u00ed Pam\u011bti n\u00e1roda","potentialAction":[{"@type":"SearchAction","target":{"@type":"EntryPoint","urlTemplate":"https:\/\/divadlo.pametnaroda.cz\/?s={search_term_string}"},"query-input":{"@type":"PropertyValueSpecification","valueRequired":true,"valueName":"search_term_string"}}],"inLanguage":"en-GB"},{"@type":"Person","@id":"https:\/\/divadlo.pametnaroda.cz\/#\/schema\/person\/1bd4c1ebef3b90d9cf2eeabf6ed899c2","name":"Divadlo PN","image":{"@type":"ImageObject","inLanguage":"en-GB","@id":"https:\/\/divadlo.pametnaroda.cz\/#\/schema\/person\/image\/","url":"https:\/\/secure.gravatar.com\/avatar\/8c0eabc35d7908c7150a51872520b359?s=96&d=mm&r=g","contentUrl":"https:\/\/secure.gravatar.com\/avatar\/8c0eabc35d7908c7150a51872520b359?s=96&d=mm&r=g","caption":"Divadlo PN"},"url":"https:\/\/divadlo.pametnaroda.cz\/en\/author\/tamarapomoriski\/"}]}},"_links":{"self":[{"href":"https:\/\/divadlo.pametnaroda.cz\/en\/wp-json\/wp\/v2\/posts\/1383","targetHints":{"allow":["GET"]}}],"collection":[{"href":"https:\/\/divadlo.pametnaroda.cz\/en\/wp-json\/wp\/v2\/posts"}],"about":[{"href":"https:\/\/divadlo.pametnaroda.cz\/en\/wp-json\/wp\/v2\/types\/post"}],"author":[{"embeddable":true,"href":"https:\/\/divadlo.pametnaroda.cz\/en\/wp-json\/wp\/v2\/users\/7"}],"replies":[{"embeddable":true,"href":"https:\/\/divadlo.pametnaroda.cz\/en\/wp-json\/wp\/v2\/comments?post=1383"}],"version-history":[{"count":0,"href":"https:\/\/divadlo.pametnaroda.cz\/en\/wp-json\/wp\/v2\/posts\/1383\/revisions"}],"wp:attachment":[{"href":"https:\/\/divadlo.pametnaroda.cz\/en\/wp-json\/wp\/v2\/media?parent=1383"}],"wp:term":[{"taxonomy":"category","embeddable":true,"href":"https:\/\/divadlo.pametnaroda.cz\/en\/wp-json\/wp\/v2\/categories?post=1383"},{"taxonomy":"post_tag","embeddable":true,"href":"https:\/\/divadlo.pametnaroda.cz\/en\/wp-json\/wp\/v2\/tags?post=1383"}],"curies":[{"name":"wp","href":"https:\/\/api.w.org\/{rel}","templated":true}]}}