{"id":1401,"date":"2023-05-28T11:53:56","date_gmt":"2023-05-28T09:53:56","guid":{"rendered":"https:\/\/divadlo.pametnaroda.cz\/?p=1401"},"modified":"2025-03-26T14:39:22","modified_gmt":"2025-03-26T13:39:22","slug":"predstaveni-silnice-c-19-bude-uvedeno-na-prazskem-quadriennale","status":"publish","type":"post","link":"https:\/\/divadlo.pametnaroda.cz\/en\/2023\/05\/predstaveni-silnice-c-19-bude-uvedeno-na-prazskem-quadriennale\/","title":{"rendered":"The performance Road No. 19 will be presented at the Prague Quadrennial +"},"content":{"rendered":"<div class=\"fusion-fullwidth fullwidth-box fusion-builder-row-1 fusion-flex-container nonhundred-percent-fullwidth non-hundred-percent-height-scrolling\" style=\"--awb-border-radius-top-left:0px;--awb-border-radius-top-right:0px;--awb-border-radius-bottom-right:0px;--awb-border-radius-bottom-left:0px;--awb-flex-wrap:wrap;\" ><div class=\"fusion-builder-row fusion-row fusion-flex-align-items-flex-start fusion-flex-content-wrap\" style=\"max-width:1331.2px;margin-left: calc(-4% \/ 2 );margin-right: calc(-4% \/ 2 );\"><div class=\"fusion-layout-column fusion_builder_column fusion-builder-column-0 fusion_builder_column_1_2 1_2 fusion-flex-column\" style=\"--awb-bg-size:cover;--awb-width-large:50%;--awb-margin-top-large:0px;--awb-spacing-right-large:3.84%;--awb-margin-bottom-large:0px;--awb-spacing-left-large:3.84%;--awb-width-medium:100%;--awb-spacing-right-medium:1.92%;--awb-spacing-left-medium:1.92%;--awb-width-small:100%;--awb-spacing-right-small:1.92%;--awb-spacing-left-small:1.92%;\"><div class=\"fusion-column-wrapper fusion-flex-justify-content-flex-start fusion-content-layout-column\"><div class=\"fusion-text fusion-text-1\"><p><span style=\"color: var(--awb-text-color);font-family: var(--awb-text-font-family);font-size: var(--awb-font-size);font-style: var(--awb-text-font-style);font-weight: var(--awb-text-font-weight);letter-spacing: var(--awb-letter-spacing);text-align: var(--awb-content-alignment);text-transform: var(--awb-text-transform);background-color: var(--awb-bg-color-hover)\">We are very happy - Our theater performance We Are Memory: Road No. 19 will be presented as part of the PQ+ accompanying program at the Prague Quadriennial International Festival 2023! We cordially invite you to the <\/span><strong style=\"color: var(--awb-text-color);font-family: var(--awb-text-font-family);font-size: var(--awb-font-size);font-style: var(--awb-text-font-style);letter-spacing: var(--awb-letter-spacing);text-align: var(--awb-content-alignment);text-transform: var(--awb-text-transform);background-color: var(--awb-bg-color-hover)\">The Stone Bell House on Sunday June 11 at 7 pm.<\/strong><span style=\"color: var(--awb-text-color);font-family: var(--awb-text-font-family);font-size: var(--awb-font-size);font-style: var(--awb-text-font-style);font-weight: var(--awb-text-font-weight);letter-spacing: var(--awb-letter-spacing);text-align: var(--awb-content-alignment);text-transform: var(--awb-text-transform);background-color: var(--awb-bg-color-hover)\"> In addition, the performance will be enriched with English subtitles, which is why we invite foreign audiences as well.<\/span><\/p>\n<p><span style=\"color: var(--awb-text-color);font-family: var(--awb-text-font-family);font-size: var(--awb-font-size);font-style: var(--awb-text-font-style);font-weight: var(--awb-text-font-weight);letter-spacing: var(--awb-letter-spacing);text-align: var(--awb-content-alignment);text-transform: var(--awb-text-transform);background-color: var(--awb-bg-color-hover)\">Admission is free and reservations can be made by email: <\/span><u style=\"color: var(--awb-text-color);font-family: var(--awb-text-font-family);font-size: var(--awb-font-size);font-style: var(--awb-text-font-style);font-weight: var(--awb-text-font-weight);letter-spacing: var(--awb-letter-spacing);text-align: var(--awb-content-alignment);text-transform: var(--awb-text-transform);background-color: var(--awb-bg-color-hover)\"><a href=\"mailto:divadlo@postbellum.cz\" target=\"_blank\" rel=\"noopener\">divadlo@postbellum.cz<\/a>.<\/u><\/p>\n<p><span style=\"background-color: var(--awb-bg-color-hover);color: var(--awb-text-color);font-family: var(--awb-text-font-family);font-size: var(--awb-font-size);font-style: var(--awb-text-font-style);font-weight: var(--awb-text-font-weight);letter-spacing: var(--awb-letter-spacing);text-align: var(--awb-content-alignment);text-transform: var(--awb-text-transform)\">About the show:<\/span><\/p>\n<p><span style=\"background-color: var(--awb-bg-color-hover);color: var(--awb-text-color);font-family: var(--awb-text-font-family);font-size: var(--awb-font-size);font-style: var(--awb-text-font-style);font-weight: var(--awb-text-font-weight);letter-spacing: var(--awb-letter-spacing);text-align: var(--awb-content-alignment);text-transform: var(--awb-text-transform)\">Fourteen dancers, live singing by Rida Ahmed and three true stories that inspired them. Memory of Nations Theatre, together with the students of the conservatory, commemorates the Roma victims of the Holocaust with the performance We Are Memory: Road No. 19.<\/span><\/p>\n<p><span style=\"color: var(--awb-text-color);font-family: var(--awb-text-font-family);font-size: var(--awb-font-size);font-style: var(--awb-text-font-style);font-weight: var(--awb-text-font-weight);letter-spacing: var(--awb-letter-spacing);text-align: var(--awb-content-alignment);text-transform: var(--awb-text-transform);background-color: var(--awb-bg-color-hover)\">The performance We Are Memory is prepared in Prague every year in cooperation with the Dutch Theater Na de Dam, this year for the fifth time. Each year has its own theme and unique environment. This year it is the Roma holocaust, and dance and movement theater became the artistic medium for its representation. The performance Road No. 19 is created by young people, fourteen students of the high school graduation year of the Prague Dance Conservatory.<\/span><\/p>\n<div>\n<p class=\"x11i5rnm xat24cr x1mh8g0r x1vvkbs xtlvy1s\">Directed by Tamara Pomori\u0161ki and choreographed by Nela \u0160tarkov\u00e1.<\/p>\n<\/div>\n<\/div><\/div><\/div><div class=\"fusion-layout-column fusion_builder_column fusion-builder-column-1 fusion_builder_column_1_2 1_2 fusion-flex-column\" style=\"--awb-bg-size:cover;--awb-width-large:50%;--awb-margin-top-large:10px;--awb-spacing-right-large:3.84%;--awb-margin-bottom-large:10px;--awb-spacing-left-large:3.84%;--awb-width-medium:100%;--awb-order-medium:0;--awb-spacing-right-medium:1.92%;--awb-spacing-left-medium:1.92%;--awb-width-small:100%;--awb-order-small:0;--awb-spacing-right-small:1.92%;--awb-spacing-left-small:1.92%;\"><div class=\"fusion-column-wrapper fusion-column-has-shadow fusion-flex-justify-content-flex-start fusion-content-layout-column\"><div class=\"fusion-image-element\" style=\"--awb-caption-title-font-family:var(--h2_typography-font-family);--awb-caption-title-font-weight:var(--h2_typography-font-weight);--awb-caption-title-font-style:var(--h2_typography-font-style);--awb-caption-title-size:var(--h2_typography-font-size);--awb-caption-title-transform:var(--h2_typography-text-transform);--awb-caption-title-line-height:var(--h2_typography-line-height);--awb-caption-title-letter-spacing:var(--h2_typography-letter-spacing);\"><span class=\"fusion-imageframe imageframe-none imageframe-1 hover-type-none\"><img decoding=\"async\" width=\"1748\" height=\"2480\" title=\"Pamet-jsme-my-23_pozvanka-PQ_el\" src=\"https:\/\/divadlo.pametnaroda.cz\/media\/sites\/3\/2023\/07\/Pamet-jsme-my-23_pozvanka-PQ_el.jpg\" data-orig-src=\"https:\/\/divadlo.pametnaroda.cz\/media\/sites\/3\/2023\/07\/Pamet-jsme-my-23_pozvanka-PQ_el.jpg\" alt class=\"lazyload img-responsive wp-image-1402\" srcset=\"data:image\/svg+xml,%3Csvg%20xmlns%3D%27http%3A%2F%2Fwww.w3.org%2F2000%2Fsvg%27%20width%3D%271748%27%20height%3D%272480%27%20viewBox%3D%270%200%201748%202480%27%3E%3Crect%20width%3D%271748%27%20height%3D%272480%27%20fill-opacity%3D%220%22%2F%3E%3C%2Fsvg%3E\" data-srcset=\"https:\/\/divadlo.pametnaroda.cz\/media\/sites\/3\/2023\/07\/Pamet-jsme-my-23_pozvanka-PQ_el-200x284.jpg 200w, https:\/\/divadlo.pametnaroda.cz\/media\/sites\/3\/2023\/07\/Pamet-jsme-my-23_pozvanka-PQ_el-400x568.jpg 400w, https:\/\/divadlo.pametnaroda.cz\/media\/sites\/3\/2023\/07\/Pamet-jsme-my-23_pozvanka-PQ_el-600x851.jpg 600w, https:\/\/divadlo.pametnaroda.cz\/media\/sites\/3\/2023\/07\/Pamet-jsme-my-23_pozvanka-PQ_el-800x1135.jpg 800w, https:\/\/divadlo.pametnaroda.cz\/media\/sites\/3\/2023\/07\/Pamet-jsme-my-23_pozvanka-PQ_el-1200x1703.jpg 1200w, https:\/\/divadlo.pametnaroda.cz\/media\/sites\/3\/2023\/07\/Pamet-jsme-my-23_pozvanka-PQ_el.jpg 1748w\" data-sizes=\"auto\" data-orig-sizes=\"(max-width: 1024px) 100vw, (max-width: 640px) 100vw, 800px\" \/><\/span><\/div><\/div><\/div><\/div><\/div>","protected":false},"excerpt":{"rendered":"","protected":false},"author":7,"featured_media":0,"comment_status":"closed","ping_status":"closed","sticky":false,"template":"","format":"standard","meta":{"footnotes":""},"categories":[75],"tags":[],"class_list":["post-1401","post","type-post","status-publish","format-standard","hentry","category-aktuality"],"yoast_head":"<!-- This site is optimized with the Yoast SEO plugin v24.5 - https:\/\/yoast.com\/wordpress\/plugins\/seo\/ -->\n<title>P\u0159edstaven\u00ed Silnice \u010d. 19 bude uvedeno na Pra\u017esk\u00e9m Quadriennale + - Divadlo Pam\u011bti n\u00e1roda<\/title>\n<meta name=\"robots\" content=\"index, follow, max-snippet:-1, max-image-preview:large, max-video-preview:-1\" \/>\n<link rel=\"canonical\" href=\"https:\/\/divadlo.pametnaroda.cz\/en\/2023\/05\/predstaveni-silnice-c-19-bude-uvedeno-na-prazskem-quadriennale\/\" \/>\n<meta property=\"og:locale\" content=\"en_GB\" \/>\n<meta property=\"og:type\" content=\"article\" \/>\n<meta property=\"og:title\" content=\"P\u0159edstaven\u00ed Silnice \u010d. 19 bude uvedeno na Pra\u017esk\u00e9m Quadriennale + - Divadlo Pam\u011bti n\u00e1roda\" \/>\n<meta property=\"og:url\" content=\"https:\/\/divadlo.pametnaroda.cz\/en\/2023\/05\/predstaveni-silnice-c-19-bude-uvedeno-na-prazskem-quadriennale\/\" \/>\n<meta property=\"og:site_name\" content=\"Divadlo Pam\u011bti n\u00e1roda\" \/>\n<meta property=\"article:published_time\" content=\"2023-05-28T09:53:56+00:00\" \/>\n<meta property=\"article:modified_time\" content=\"2025-03-26T13:39:22+00:00\" \/>\n<meta name=\"author\" content=\"Divadlo PN\" \/>\n<meta name=\"twitter:card\" content=\"summary_large_image\" \/>\n<meta name=\"twitter:label1\" content=\"Written by\" \/>\n\t<meta name=\"twitter:data1\" content=\"Divadlo PN\" \/>\n\t<meta name=\"twitter:label2\" content=\"Estimated reading time\" \/>\n\t<meta name=\"twitter:data2\" content=\"4 minutes\" \/>\n<script type=\"application\/ld+json\" class=\"yoast-schema-graph\">{\"@context\":\"https:\/\/schema.org\",\"@graph\":[{\"@type\":\"WebPage\",\"@id\":\"https:\/\/divadlo.pametnaroda.cz\/2023\/05\/predstaveni-silnice-c-19-bude-uvedeno-na-prazskem-quadriennale\/\",\"url\":\"https:\/\/divadlo.pametnaroda.cz\/2023\/05\/predstaveni-silnice-c-19-bude-uvedeno-na-prazskem-quadriennale\/\",\"name\":\"P\u0159edstaven\u00ed Silnice \u010d. 19 bude uvedeno na Pra\u017esk\u00e9m Quadriennale + - Divadlo Pam\u011bti n\u00e1roda\",\"isPartOf\":{\"@id\":\"https:\/\/divadlo.pametnaroda.cz\/#website\"},\"datePublished\":\"2023-05-28T09:53:56+00:00\",\"dateModified\":\"2025-03-26T13:39:22+00:00\",\"author\":{\"@id\":\"https:\/\/divadlo.pametnaroda.cz\/#\/schema\/person\/1bd4c1ebef3b90d9cf2eeabf6ed899c2\"},\"breadcrumb\":{\"@id\":\"https:\/\/divadlo.pametnaroda.cz\/2023\/05\/predstaveni-silnice-c-19-bude-uvedeno-na-prazskem-quadriennale\/#breadcrumb\"},\"inLanguage\":\"en-GB\",\"potentialAction\":[{\"@type\":\"ReadAction\",\"target\":[\"https:\/\/divadlo.pametnaroda.cz\/2023\/05\/predstaveni-silnice-c-19-bude-uvedeno-na-prazskem-quadriennale\/\"]}]},{\"@type\":\"BreadcrumbList\",\"@id\":\"https:\/\/divadlo.pametnaroda.cz\/2023\/05\/predstaveni-silnice-c-19-bude-uvedeno-na-prazskem-quadriennale\/#breadcrumb\",\"itemListElement\":[{\"@type\":\"ListItem\",\"position\":1,\"name\":\"Dom\u016f\",\"item\":\"https:\/\/divadlo.pametnaroda.cz\/\"},{\"@type\":\"ListItem\",\"position\":2,\"name\":\"P\u0159edstaven\u00ed Silnice \u010d. 19 bude uvedeno na Pra\u017esk\u00e9m Quadriennale +\"}]},{\"@type\":\"WebSite\",\"@id\":\"https:\/\/divadlo.pametnaroda.cz\/#website\",\"url\":\"https:\/\/divadlo.pametnaroda.cz\/\",\"name\":\"Divadlo Pam\u011bti n\u00e1roda\",\"description\":\"Vypr\u00e1v\u00edme p\u0159\u00edb\u011bhy 20. stolet\u00ed skrze autentick\u00e1 sv\u011bdectv\u00ed Pam\u011bti n\u00e1roda\",\"potentialAction\":[{\"@type\":\"SearchAction\",\"target\":{\"@type\":\"EntryPoint\",\"urlTemplate\":\"https:\/\/divadlo.pametnaroda.cz\/?s={search_term_string}\"},\"query-input\":{\"@type\":\"PropertyValueSpecification\",\"valueRequired\":true,\"valueName\":\"search_term_string\"}}],\"inLanguage\":\"en-GB\"},{\"@type\":\"Person\",\"@id\":\"https:\/\/divadlo.pametnaroda.cz\/#\/schema\/person\/1bd4c1ebef3b90d9cf2eeabf6ed899c2\",\"name\":\"Divadlo PN\",\"image\":{\"@type\":\"ImageObject\",\"inLanguage\":\"en-GB\",\"@id\":\"https:\/\/divadlo.pametnaroda.cz\/#\/schema\/person\/image\/\",\"url\":\"https:\/\/secure.gravatar.com\/avatar\/8c0eabc35d7908c7150a51872520b359?s=96&d=mm&r=g\",\"contentUrl\":\"https:\/\/secure.gravatar.com\/avatar\/8c0eabc35d7908c7150a51872520b359?s=96&d=mm&r=g\",\"caption\":\"Divadlo PN\"},\"url\":\"https:\/\/divadlo.pametnaroda.cz\/en\/author\/tamarapomoriski\/\"}]}<\/script>\n<!-- \/ Yoast SEO plugin. -->","yoast_head_json":{"title":"P\u0159edstaven\u00ed Silnice \u010d. 19 bude uvedeno na Pra\u017esk\u00e9m Quadriennale + - Divadlo Pam\u011bti n\u00e1roda","robots":{"index":"index","follow":"follow","max-snippet":"max-snippet:-1","max-image-preview":"max-image-preview:large","max-video-preview":"max-video-preview:-1"},"canonical":"https:\/\/divadlo.pametnaroda.cz\/en\/2023\/05\/predstaveni-silnice-c-19-bude-uvedeno-na-prazskem-quadriennale\/","og_locale":"en_GB","og_type":"article","og_title":"P\u0159edstaven\u00ed Silnice \u010d. 19 bude uvedeno na Pra\u017esk\u00e9m Quadriennale + - Divadlo Pam\u011bti n\u00e1roda","og_url":"https:\/\/divadlo.pametnaroda.cz\/en\/2023\/05\/predstaveni-silnice-c-19-bude-uvedeno-na-prazskem-quadriennale\/","og_site_name":"Divadlo Pam\u011bti n\u00e1roda","article_published_time":"2023-05-28T09:53:56+00:00","article_modified_time":"2025-03-26T13:39:22+00:00","author":"Divadlo PN","twitter_card":"summary_large_image","twitter_misc":{"Written by":"Divadlo PN","Estimated reading time":"4 minutes"},"schema":{"@context":"https:\/\/schema.org","@graph":[{"@type":"WebPage","@id":"https:\/\/divadlo.pametnaroda.cz\/2023\/05\/predstaveni-silnice-c-19-bude-uvedeno-na-prazskem-quadriennale\/","url":"https:\/\/divadlo.pametnaroda.cz\/2023\/05\/predstaveni-silnice-c-19-bude-uvedeno-na-prazskem-quadriennale\/","name":"P\u0159edstaven\u00ed Silnice \u010d. 19 bude uvedeno na Pra\u017esk\u00e9m Quadriennale + - Divadlo Pam\u011bti n\u00e1roda","isPartOf":{"@id":"https:\/\/divadlo.pametnaroda.cz\/#website"},"datePublished":"2023-05-28T09:53:56+00:00","dateModified":"2025-03-26T13:39:22+00:00","author":{"@id":"https:\/\/divadlo.pametnaroda.cz\/#\/schema\/person\/1bd4c1ebef3b90d9cf2eeabf6ed899c2"},"breadcrumb":{"@id":"https:\/\/divadlo.pametnaroda.cz\/2023\/05\/predstaveni-silnice-c-19-bude-uvedeno-na-prazskem-quadriennale\/#breadcrumb"},"inLanguage":"en-GB","potentialAction":[{"@type":"ReadAction","target":["https:\/\/divadlo.pametnaroda.cz\/2023\/05\/predstaveni-silnice-c-19-bude-uvedeno-na-prazskem-quadriennale\/"]}]},{"@type":"BreadcrumbList","@id":"https:\/\/divadlo.pametnaroda.cz\/2023\/05\/predstaveni-silnice-c-19-bude-uvedeno-na-prazskem-quadriennale\/#breadcrumb","itemListElement":[{"@type":"ListItem","position":1,"name":"Dom\u016f","item":"https:\/\/divadlo.pametnaroda.cz\/"},{"@type":"ListItem","position":2,"name":"P\u0159edstaven\u00ed Silnice \u010d. 19 bude uvedeno na Pra\u017esk\u00e9m Quadriennale +"}]},{"@type":"WebSite","@id":"https:\/\/divadlo.pametnaroda.cz\/#website","url":"https:\/\/divadlo.pametnaroda.cz\/","name":"Divadlo Pam\u011bti n\u00e1roda","description":"Vypr\u00e1v\u00edme p\u0159\u00edb\u011bhy 20. stolet\u00ed skrze autentick\u00e1 sv\u011bdectv\u00ed Pam\u011bti n\u00e1roda","potentialAction":[{"@type":"SearchAction","target":{"@type":"EntryPoint","urlTemplate":"https:\/\/divadlo.pametnaroda.cz\/?s={search_term_string}"},"query-input":{"@type":"PropertyValueSpecification","valueRequired":true,"valueName":"search_term_string"}}],"inLanguage":"en-GB"},{"@type":"Person","@id":"https:\/\/divadlo.pametnaroda.cz\/#\/schema\/person\/1bd4c1ebef3b90d9cf2eeabf6ed899c2","name":"Divadlo PN","image":{"@type":"ImageObject","inLanguage":"en-GB","@id":"https:\/\/divadlo.pametnaroda.cz\/#\/schema\/person\/image\/","url":"https:\/\/secure.gravatar.com\/avatar\/8c0eabc35d7908c7150a51872520b359?s=96&d=mm&r=g","contentUrl":"https:\/\/secure.gravatar.com\/avatar\/8c0eabc35d7908c7150a51872520b359?s=96&d=mm&r=g","caption":"Divadlo PN"},"url":"https:\/\/divadlo.pametnaroda.cz\/en\/author\/tamarapomoriski\/"}]}},"_links":{"self":[{"href":"https:\/\/divadlo.pametnaroda.cz\/en\/wp-json\/wp\/v2\/posts\/1401","targetHints":{"allow":["GET"]}}],"collection":[{"href":"https:\/\/divadlo.pametnaroda.cz\/en\/wp-json\/wp\/v2\/posts"}],"about":[{"href":"https:\/\/divadlo.pametnaroda.cz\/en\/wp-json\/wp\/v2\/types\/post"}],"author":[{"embeddable":true,"href":"https:\/\/divadlo.pametnaroda.cz\/en\/wp-json\/wp\/v2\/users\/7"}],"replies":[{"embeddable":true,"href":"https:\/\/divadlo.pametnaroda.cz\/en\/wp-json\/wp\/v2\/comments?post=1401"}],"version-history":[{"count":0,"href":"https:\/\/divadlo.pametnaroda.cz\/en\/wp-json\/wp\/v2\/posts\/1401\/revisions"}],"wp:attachment":[{"href":"https:\/\/divadlo.pametnaroda.cz\/en\/wp-json\/wp\/v2\/media?parent=1401"}],"wp:term":[{"taxonomy":"category","embeddable":true,"href":"https:\/\/divadlo.pametnaroda.cz\/en\/wp-json\/wp\/v2\/categories?post=1401"},{"taxonomy":"post_tag","embeddable":true,"href":"https:\/\/divadlo.pametnaroda.cz\/en\/wp-json\/wp\/v2\/tags?post=1401"}],"curies":[{"name":"wp","href":"https:\/\/api.w.org\/{rel}","templated":true}]}}