{"id":1407,"date":"2023-05-30T14:55:04","date_gmt":"2023-05-30T12:55:04","guid":{"rendered":"https:\/\/divadlo.pametnaroda.cz\/?p=1407"},"modified":"2025-03-11T16:21:19","modified_gmt":"2025-03-11T15:21:19","slug":"jaro-68-hynka-bocana","status":"publish","type":"post","link":"https:\/\/divadlo.pametnaroda.cz\/en\/2023\/05\/jaro-68-hynka-bocana\/","title":{"rendered":"Hynek Bo\u010dan's Spring 68"},"content":{"rendered":"<div class=\"fusion-fullwidth fullwidth-box fusion-builder-row-1 fusion-flex-container nonhundred-percent-fullwidth non-hundred-percent-height-scrolling\" style=\"--awb-border-radius-top-left:0px;--awb-border-radius-top-right:0px;--awb-border-radius-bottom-right:0px;--awb-border-radius-bottom-left:0px;--awb-flex-wrap:wrap;\" ><div class=\"fusion-builder-row fusion-row fusion-flex-align-items-flex-start fusion-flex-content-wrap\" style=\"max-width:1331.2px;margin-left: calc(-4% \/ 2 );margin-right: calc(-4% \/ 2 );\"><div class=\"fusion-layout-column fusion_builder_column fusion-builder-column-0 fusion_builder_column_1_2 1_2 fusion-flex-column\" style=\"--awb-bg-size:cover;--awb-width-large:50%;--awb-margin-top-large:0px;--awb-spacing-right-large:3.84%;--awb-margin-bottom-large:0px;--awb-spacing-left-large:3.84%;--awb-width-medium:100%;--awb-spacing-right-medium:1.92%;--awb-spacing-left-medium:1.92%;--awb-width-small:100%;--awb-spacing-right-small:1.92%;--awb-spacing-left-small:1.92%;\"><div class=\"fusion-column-wrapper fusion-flex-justify-content-flex-start fusion-content-layout-column\"><div class=\"fusion-text fusion-text-1\"><p>Production<b> Spring 68 <\/b><span style=\"font-weight: 400\">of the Memory od Nations' Theatre Studio in <strong>Dlouh\u00e1 Theatre<\/strong> had its premiere on May 29, 2023. This production was created under the guidance of experienced lecturer Nika Nov\u00e1kov\u00e1 and the basic inspiration was the story of director Hynek Bo\u010dan. Although it might have seemed that the Prague Spring of 1968 would be a promise and a way to loosen the then-repressive regime, in the end only the skepticism of some citizens was confirmed. The Soviet occupation of Czechoslovakia in August 1968 not only dashed all hopes for democratization, but also heralded a long socio-political agony, taking place exclusively under the baton of Moscow and cynically called \u201cnormalization.\u201d The participants of the Memory of Nations' Theatre Studio in <strong>Dlouh\u00e1 Theatre<\/strong> completed the 2022\/2023 school year with a performance in the hall of the Monastery of the Poor Sisters in Prague 1, during which they focused on developing critical thinking, public speaking, creativity and the ability to orient themselves in the history of the 20th century. <\/span><span style=\"font-weight: 400\">       <\/span><\/p>\n<p><span style=\"font-weight: 400\">Thank you to the Municipality of Prague 1 for supporting the Theatre Studio.<\/span><\/p>\n<\/div><\/div><\/div><div class=\"fusion-layout-column fusion_builder_column fusion-builder-column-1 fusion_builder_column_1_2 1_2 fusion-flex-column\" style=\"--awb-bg-size:cover;--awb-width-large:50%;--awb-margin-top-large:10px;--awb-spacing-right-large:3.84%;--awb-margin-bottom-large:10px;--awb-spacing-left-large:3.84%;--awb-width-medium:100%;--awb-order-medium:0;--awb-spacing-right-medium:1.92%;--awb-spacing-left-medium:1.92%;--awb-width-small:100%;--awb-order-small:0;--awb-spacing-right-small:1.92%;--awb-spacing-left-small:1.92%;\"><div class=\"fusion-column-wrapper fusion-column-has-shadow fusion-flex-justify-content-flex-start fusion-content-layout-column\"><div class=\"fusion-image-element\" style=\"--awb-caption-title-font-family:var(--h2_typography-font-family);--awb-caption-title-font-weight:var(--h2_typography-font-weight);--awb-caption-title-font-style:var(--h2_typography-font-style);--awb-caption-title-size:var(--h2_typography-font-size);--awb-caption-title-transform:var(--h2_typography-text-transform);--awb-caption-title-line-height:var(--h2_typography-line-height);--awb-caption-title-letter-spacing:var(--h2_typography-letter-spacing);\"><span class=\"fusion-imageframe imageframe-none imageframe-1 hover-type-none\"><img decoding=\"async\" width=\"2560\" height=\"1707\" title=\"bubny_divadelni_krouzky_42\" src=\"https:\/\/divadlo.pametnaroda.cz\/media\/sites\/3\/2023\/05\/bubny_divadelni_krouzky_42-scaled.jpg\" data-orig-src=\"https:\/\/divadlo.pametnaroda.cz\/media\/sites\/3\/2023\/05\/bubny_divadelni_krouzky_42-scaled.jpg\" alt class=\"lazyload img-responsive wp-image-1413\" srcset=\"data:image\/svg+xml,%3Csvg%20xmlns%3D%27http%3A%2F%2Fwww.w3.org%2F2000%2Fsvg%27%20width%3D%272560%27%20height%3D%271707%27%20viewBox%3D%270%200%202560%201707%27%3E%3Crect%20width%3D%272560%27%20height%3D%271707%27%20fill-opacity%3D%220%22%2F%3E%3C%2Fsvg%3E\" data-srcset=\"https:\/\/divadlo.pametnaroda.cz\/media\/sites\/3\/2023\/05\/bubny_divadelni_krouzky_42-scaled-200x133.jpg 200w, https:\/\/divadlo.pametnaroda.cz\/media\/sites\/3\/2023\/05\/bubny_divadelni_krouzky_42-scaled-400x267.jpg 400w, https:\/\/divadlo.pametnaroda.cz\/media\/sites\/3\/2023\/05\/bubny_divadelni_krouzky_42-scaled-600x400.jpg 600w, https:\/\/divadlo.pametnaroda.cz\/media\/sites\/3\/2023\/05\/bubny_divadelni_krouzky_42-scaled-800x533.jpg 800w, https:\/\/divadlo.pametnaroda.cz\/media\/sites\/3\/2023\/05\/bubny_divadelni_krouzky_42-scaled-1200x800.jpg 1200w, https:\/\/divadlo.pametnaroda.cz\/media\/sites\/3\/2023\/05\/bubny_divadelni_krouzky_42-scaled.jpg 2560w\" data-sizes=\"auto\" data-orig-sizes=\"(max-width: 1024px) 100vw, (max-width: 640px) 100vw, 800px\" \/><\/span><\/div><\/div><\/div><\/div><\/div>","protected":false},"excerpt":{"rendered":"","protected":false},"author":8,"featured_media":0,"comment_status":"open","ping_status":"open","sticky":false,"template":"","format":"image","meta":{"footnotes":""},"categories":[75],"tags":[],"class_list":["post-1407","post","type-post","status-publish","format-image","hentry","category-aktuality","post_format-post-format-image"],"yoast_head":"<!-- This site is optimized with the Yoast SEO plugin v24.5 - https:\/\/yoast.com\/wordpress\/plugins\/seo\/ -->\n<title>Jaro 68 Hynka Bo\u010dana - Divadlo Pam\u011bti n\u00e1roda<\/title>\n<meta name=\"robots\" content=\"index, follow, max-snippet:-1, max-image-preview:large, max-video-preview:-1\" \/>\n<link rel=\"canonical\" href=\"https:\/\/divadlo.pametnaroda.cz\/en\/2023\/05\/jaro-68-hynka-bocana\/\" \/>\n<meta property=\"og:locale\" content=\"en_GB\" \/>\n<meta property=\"og:type\" content=\"article\" \/>\n<meta property=\"og:title\" content=\"Jaro 68 Hynka Bo\u010dana - Divadlo Pam\u011bti n\u00e1roda\" \/>\n<meta property=\"og:url\" content=\"https:\/\/divadlo.pametnaroda.cz\/en\/2023\/05\/jaro-68-hynka-bocana\/\" \/>\n<meta property=\"og:site_name\" content=\"Divadlo Pam\u011bti n\u00e1roda\" \/>\n<meta property=\"article:published_time\" content=\"2023-05-30T12:55:04+00:00\" \/>\n<meta property=\"article:modified_time\" content=\"2025-03-11T15:21:19+00:00\" \/>\n<meta name=\"author\" content=\"zuzanaburdova\" \/>\n<meta name=\"twitter:card\" content=\"summary_large_image\" \/>\n<meta name=\"twitter:label1\" content=\"Written by\" \/>\n\t<meta name=\"twitter:data1\" content=\"zuzanaburdova\" \/>\n\t<meta name=\"twitter:label2\" content=\"Estimated reading time\" \/>\n\t<meta name=\"twitter:data2\" content=\"4 minutes\" \/>\n<script type=\"application\/ld+json\" class=\"yoast-schema-graph\">{\"@context\":\"https:\/\/schema.org\",\"@graph\":[{\"@type\":\"WebPage\",\"@id\":\"https:\/\/divadlo.pametnaroda.cz\/2023\/05\/jaro-68-hynka-bocana\/\",\"url\":\"https:\/\/divadlo.pametnaroda.cz\/2023\/05\/jaro-68-hynka-bocana\/\",\"name\":\"Jaro 68 Hynka Bo\u010dana - Divadlo Pam\u011bti n\u00e1roda\",\"isPartOf\":{\"@id\":\"https:\/\/divadlo.pametnaroda.cz\/#website\"},\"datePublished\":\"2023-05-30T12:55:04+00:00\",\"dateModified\":\"2025-03-11T15:21:19+00:00\",\"author\":{\"@id\":\"https:\/\/divadlo.pametnaroda.cz\/#\/schema\/person\/b013100b53a9cc70b1ba7998629d6400\"},\"breadcrumb\":{\"@id\":\"https:\/\/divadlo.pametnaroda.cz\/2023\/05\/jaro-68-hynka-bocana\/#breadcrumb\"},\"inLanguage\":\"en-GB\",\"potentialAction\":[{\"@type\":\"ReadAction\",\"target\":[\"https:\/\/divadlo.pametnaroda.cz\/2023\/05\/jaro-68-hynka-bocana\/\"]}]},{\"@type\":\"BreadcrumbList\",\"@id\":\"https:\/\/divadlo.pametnaroda.cz\/2023\/05\/jaro-68-hynka-bocana\/#breadcrumb\",\"itemListElement\":[{\"@type\":\"ListItem\",\"position\":1,\"name\":\"Dom\u016f\",\"item\":\"https:\/\/divadlo.pametnaroda.cz\/\"},{\"@type\":\"ListItem\",\"position\":2,\"name\":\"Jaro 68 Hynka Bo\u010dana\"}]},{\"@type\":\"WebSite\",\"@id\":\"https:\/\/divadlo.pametnaroda.cz\/#website\",\"url\":\"https:\/\/divadlo.pametnaroda.cz\/\",\"name\":\"Divadlo Pam\u011bti n\u00e1roda\",\"description\":\"Vypr\u00e1v\u00edme p\u0159\u00edb\u011bhy 20. stolet\u00ed skrze autentick\u00e1 sv\u011bdectv\u00ed Pam\u011bti n\u00e1roda\",\"potentialAction\":[{\"@type\":\"SearchAction\",\"target\":{\"@type\":\"EntryPoint\",\"urlTemplate\":\"https:\/\/divadlo.pametnaroda.cz\/?s={search_term_string}\"},\"query-input\":{\"@type\":\"PropertyValueSpecification\",\"valueRequired\":true,\"valueName\":\"search_term_string\"}}],\"inLanguage\":\"en-GB\"},{\"@type\":\"Person\",\"@id\":\"https:\/\/divadlo.pametnaroda.cz\/#\/schema\/person\/b013100b53a9cc70b1ba7998629d6400\",\"name\":\"zuzanaburdova\",\"image\":{\"@type\":\"ImageObject\",\"inLanguage\":\"en-GB\",\"@id\":\"https:\/\/divadlo.pametnaroda.cz\/#\/schema\/person\/image\/\",\"url\":\"https:\/\/secure.gravatar.com\/avatar\/8961d2f44863668ca3209bb667e55735?s=96&d=mm&r=g\",\"contentUrl\":\"https:\/\/secure.gravatar.com\/avatar\/8961d2f44863668ca3209bb667e55735?s=96&d=mm&r=g\",\"caption\":\"zuzanaburdova\"},\"url\":\"https:\/\/divadlo.pametnaroda.cz\/en\/author\/zuzanaburdova\/\"}]}<\/script>\n<!-- \/ Yoast SEO plugin. -->","yoast_head_json":{"title":"Jaro 68 Hynka Bo\u010dana - Divadlo Pam\u011bti n\u00e1roda","robots":{"index":"index","follow":"follow","max-snippet":"max-snippet:-1","max-image-preview":"max-image-preview:large","max-video-preview":"max-video-preview:-1"},"canonical":"https:\/\/divadlo.pametnaroda.cz\/en\/2023\/05\/jaro-68-hynka-bocana\/","og_locale":"en_GB","og_type":"article","og_title":"Jaro 68 Hynka Bo\u010dana - Divadlo Pam\u011bti n\u00e1roda","og_url":"https:\/\/divadlo.pametnaroda.cz\/en\/2023\/05\/jaro-68-hynka-bocana\/","og_site_name":"Divadlo Pam\u011bti n\u00e1roda","article_published_time":"2023-05-30T12:55:04+00:00","article_modified_time":"2025-03-11T15:21:19+00:00","author":"zuzanaburdova","twitter_card":"summary_large_image","twitter_misc":{"Written by":"zuzanaburdova","Estimated reading time":"4 minutes"},"schema":{"@context":"https:\/\/schema.org","@graph":[{"@type":"WebPage","@id":"https:\/\/divadlo.pametnaroda.cz\/2023\/05\/jaro-68-hynka-bocana\/","url":"https:\/\/divadlo.pametnaroda.cz\/2023\/05\/jaro-68-hynka-bocana\/","name":"Jaro 68 Hynka Bo\u010dana - Divadlo Pam\u011bti n\u00e1roda","isPartOf":{"@id":"https:\/\/divadlo.pametnaroda.cz\/#website"},"datePublished":"2023-05-30T12:55:04+00:00","dateModified":"2025-03-11T15:21:19+00:00","author":{"@id":"https:\/\/divadlo.pametnaroda.cz\/#\/schema\/person\/b013100b53a9cc70b1ba7998629d6400"},"breadcrumb":{"@id":"https:\/\/divadlo.pametnaroda.cz\/2023\/05\/jaro-68-hynka-bocana\/#breadcrumb"},"inLanguage":"en-GB","potentialAction":[{"@type":"ReadAction","target":["https:\/\/divadlo.pametnaroda.cz\/2023\/05\/jaro-68-hynka-bocana\/"]}]},{"@type":"BreadcrumbList","@id":"https:\/\/divadlo.pametnaroda.cz\/2023\/05\/jaro-68-hynka-bocana\/#breadcrumb","itemListElement":[{"@type":"ListItem","position":1,"name":"Dom\u016f","item":"https:\/\/divadlo.pametnaroda.cz\/"},{"@type":"ListItem","position":2,"name":"Jaro 68 Hynka Bo\u010dana"}]},{"@type":"WebSite","@id":"https:\/\/divadlo.pametnaroda.cz\/#website","url":"https:\/\/divadlo.pametnaroda.cz\/","name":"Divadlo Pam\u011bti n\u00e1roda","description":"Vypr\u00e1v\u00edme p\u0159\u00edb\u011bhy 20. stolet\u00ed skrze autentick\u00e1 sv\u011bdectv\u00ed Pam\u011bti n\u00e1roda","potentialAction":[{"@type":"SearchAction","target":{"@type":"EntryPoint","urlTemplate":"https:\/\/divadlo.pametnaroda.cz\/?s={search_term_string}"},"query-input":{"@type":"PropertyValueSpecification","valueRequired":true,"valueName":"search_term_string"}}],"inLanguage":"en-GB"},{"@type":"Person","@id":"https:\/\/divadlo.pametnaroda.cz\/#\/schema\/person\/b013100b53a9cc70b1ba7998629d6400","name":"zuzanaburdova","image":{"@type":"ImageObject","inLanguage":"en-GB","@id":"https:\/\/divadlo.pametnaroda.cz\/#\/schema\/person\/image\/","url":"https:\/\/secure.gravatar.com\/avatar\/8961d2f44863668ca3209bb667e55735?s=96&d=mm&r=g","contentUrl":"https:\/\/secure.gravatar.com\/avatar\/8961d2f44863668ca3209bb667e55735?s=96&d=mm&r=g","caption":"zuzanaburdova"},"url":"https:\/\/divadlo.pametnaroda.cz\/en\/author\/zuzanaburdova\/"}]}},"_links":{"self":[{"href":"https:\/\/divadlo.pametnaroda.cz\/en\/wp-json\/wp\/v2\/posts\/1407","targetHints":{"allow":["GET"]}}],"collection":[{"href":"https:\/\/divadlo.pametnaroda.cz\/en\/wp-json\/wp\/v2\/posts"}],"about":[{"href":"https:\/\/divadlo.pametnaroda.cz\/en\/wp-json\/wp\/v2\/types\/post"}],"author":[{"embeddable":true,"href":"https:\/\/divadlo.pametnaroda.cz\/en\/wp-json\/wp\/v2\/users\/8"}],"replies":[{"embeddable":true,"href":"https:\/\/divadlo.pametnaroda.cz\/en\/wp-json\/wp\/v2\/comments?post=1407"}],"version-history":[{"count":0,"href":"https:\/\/divadlo.pametnaroda.cz\/en\/wp-json\/wp\/v2\/posts\/1407\/revisions"}],"wp:attachment":[{"href":"https:\/\/divadlo.pametnaroda.cz\/en\/wp-json\/wp\/v2\/media?parent=1407"}],"wp:term":[{"taxonomy":"category","embeddable":true,"href":"https:\/\/divadlo.pametnaroda.cz\/en\/wp-json\/wp\/v2\/categories?post=1407"},{"taxonomy":"post_tag","embeddable":true,"href":"https:\/\/divadlo.pametnaroda.cz\/en\/wp-json\/wp\/v2\/tags?post=1407"}],"curies":[{"name":"wp","href":"https:\/\/api.w.org\/{rel}","templated":true}]}}