{"id":1427,"date":"2023-06-10T15:34:03","date_gmt":"2023-06-10T13:34:03","guid":{"rendered":"https:\/\/divadlo.pametnaroda.cz\/?p=1427"},"modified":"2025-03-11T15:59:19","modified_gmt":"2025-03-11T14:59:19","slug":"zradne-zavetri-v-podani-divadelniho-atelieru-pameti-naroda-pri-divadle-pod-palmovkou","status":"publish","type":"post","link":"https:\/\/divadlo.pametnaroda.cz\/en\/2023\/06\/zradne-zavetri-v-podani-divadelniho-atelieru-pameti-naroda-pri-divadle-pod-palmovkou\/","title":{"rendered":"The Treacherous Leeward by the Memory of Nations Theatre Studio in Divadlo pod Palmovkou"},"content":{"rendered":"<div class=\"fusion-fullwidth fullwidth-box fusion-builder-row-1 fusion-flex-container nonhundred-percent-fullwidth non-hundred-percent-height-scrolling\" style=\"--awb-border-radius-top-left:0px;--awb-border-radius-top-right:0px;--awb-border-radius-bottom-right:0px;--awb-border-radius-bottom-left:0px;--awb-flex-wrap:wrap;\" ><div class=\"fusion-builder-row fusion-row fusion-flex-align-items-flex-start fusion-flex-content-wrap\" style=\"max-width:1331.2px;margin-left: calc(-4% \/ 2 );margin-right: calc(-4% \/ 2 );\"><div class=\"fusion-layout-column fusion_builder_column fusion-builder-column-0 fusion_builder_column_1_1 1_1 fusion-flex-column\" style=\"--awb-bg-size:cover;--awb-width-large:100%;--awb-margin-top-large:0px;--awb-spacing-right-large:1.92%;--awb-margin-bottom-large:0px;--awb-spacing-left-large:1.92%;--awb-width-medium:100%;--awb-spacing-right-medium:1.92%;--awb-spacing-left-medium:1.92%;--awb-width-small:100%;--awb-spacing-right-small:1.92%;--awb-spacing-left-small:1.92%;\"><div class=\"fusion-column-wrapper fusion-flex-justify-content-flex-start fusion-content-layout-column\"><div class=\"fusion-text fusion-text-1\"><p><span style=\"font-weight: 400\">What did Prague's Libe\u0148 look like before the Second World War? What do we even know about its original inhabitants? The memories of witnesses from the old Libe\u0148, their personal stories and thinking about them through the eyes of contemporaries became the starting point for the production of the Treacherous Leeward production of the Memory of Nations studio in <\/span><b>Divadlo pod Palmovkou<\/b><span style=\"font-weight: 400\">. The premiere took place on 7 June 2023 in the Palmovka Synagogue, in a unique space with an irreplaceable genius loci, which ideally harmonised with the poetics and creativity of the production by the young theatre artists from Libe\u0148.  Authentic acting and personal determination to explore and then personally cope with the traumatic events caused by the Nazi regime, among other things, led them to the ability to creatively present their own generational attitude. And not only in relation to the tragic consequences of the Nazi rampage in the Protectorate, but also to the current growing tendencies and attempts to downplay the toxicity of Nazism and fascism. \"The main metaphor for the Holocaust for us is the paper puppet. The more prohibitions and anti-Jewish regulations, the more a person loses his human dignity and becomes just a puppet and his fate is in the hands of others,\" said Jitka M\u00ed\u010dov\u00e1, a popular and experienced lecturer at the Libe\u0148 Studio. At the beginning of the rehearsals, the young theatre students had only stories of houses that no longer stand, stories of people who are no longer alive and the fates of people who are only remembered. And in June they staged a spectator-attracting performance called Treacherous Leeward, where it was evident that the participants of the Libe\u0148 studio had gained a deeper understanding of the thoughts of the individual characters from the Jewish community of Libe\u0148, their everyday life, as well as the story of the creation and demise of the Jewish ghetto and the mysterious fate of the Jewish synagogue and cemetery in Prague's Libe\u0148. <\/span><\/p>\n<p><i>Photographer: Luk\u00e1\u0161 Jan\u010dina<\/i><\/p>\n<p><span style=\"font-weight: 400\">Thank you to the<\/span> Municipality of Prague 8 for supporting the Theatre Studio.<\/p>\n<\/div><div class=\"fusion-slider-sc\"><div class=\"fusion-flexslider-loading flexslider flexslider-hover-type-none\" data-slideshow_autoplay=\"1\" data-slideshow_smooth_height=\"0\" data-slideshow_speed=\"7000\" style=\"max-width:100%;height:100%;\"><ul class=\"slides\"><li class=\"image\"><span class=\"lazyload fusion-image-hover-element hover-type-none\"><img decoding=\"async\" src=\"https:\/\/divadlo.pametnaroda.cz\/media\/sites\/3\/2025\/03\/Divadelni-krouzek-Pameti-naroda_P8_Libenska-synagoga_033-scaled-1.jpg\" data-orig-src=\"https:\/\/divadlo.pametnaroda.cz\/media\/sites\/3\/2025\/03\/Divadelni-krouzek-Pameti-naroda_P8_Libenska-synagoga_033-scaled-1.jpg\" width=\"2560\" height=\"1706\" class=\"lazyload wp-image-2726\" srcset=\"data:image\/svg+xml,%3Csvg%20xmlns%3D%27http%3A%2F%2Fwww.w3.org%2F2000%2Fsvg%27%20width%3D%272560%27%20height%3D%271706%27%20viewBox%3D%270%200%202560%201706%27%3E%3Crect%20width%3D%272560%27%20height%3D%271706%27%20fill-opacity%3D%220%22%2F%3E%3C%2Fsvg%3E\" data-srcset=\"https:\/\/divadlo.pametnaroda.cz\/media\/sites\/3\/2025\/03\/Divadelni-krouzek-Pameti-naroda_P8_Libenska-synagoga_033-scaled-1-200x133.jpg 200w, https:\/\/divadlo.pametnaroda.cz\/media\/sites\/3\/2025\/03\/Divadelni-krouzek-Pameti-naroda_P8_Libenska-synagoga_033-scaled-1-400x267.jpg 400w, https:\/\/divadlo.pametnaroda.cz\/media\/sites\/3\/2025\/03\/Divadelni-krouzek-Pameti-naroda_P8_Libenska-synagoga_033-scaled-1-600x400.jpg 600w, https:\/\/divadlo.pametnaroda.cz\/media\/sites\/3\/2025\/03\/Divadelni-krouzek-Pameti-naroda_P8_Libenska-synagoga_033-scaled-1-800x533.jpg 800w, https:\/\/divadlo.pametnaroda.cz\/media\/sites\/3\/2025\/03\/Divadelni-krouzek-Pameti-naroda_P8_Libenska-synagoga_033-scaled-1-1200x800.jpg 1200w, https:\/\/divadlo.pametnaroda.cz\/media\/sites\/3\/2025\/03\/Divadelni-krouzek-Pameti-naroda_P8_Libenska-synagoga_033-scaled-1.jpg 2560w\" data-sizes=\"auto\" data-orig-sizes=\"(max-width: 1024px) 100vw, (max-width: 640px) 100vw, 2560px\" \/><\/span><\/li><li class=\"image\"><span class=\"lazyload fusion-image-hover-element hover-type-none\"><img decoding=\"async\" src=\"https:\/\/divadlo.pametnaroda.cz\/media\/sites\/3\/2025\/03\/Divadelni-krouzek-Pameti-naroda_P8_Libenska-synagoga_001-scaled-1.jpg\" data-orig-src=\"https:\/\/divadlo.pametnaroda.cz\/media\/sites\/3\/2025\/03\/Divadelni-krouzek-Pameti-naroda_P8_Libenska-synagoga_001-scaled-1.jpg\" width=\"2560\" height=\"1706\" class=\"lazyload wp-image-2725\" srcset=\"data:image\/svg+xml,%3Csvg%20xmlns%3D%27http%3A%2F%2Fwww.w3.org%2F2000%2Fsvg%27%20width%3D%272560%27%20height%3D%271706%27%20viewBox%3D%270%200%202560%201706%27%3E%3Crect%20width%3D%272560%27%20height%3D%271706%27%20fill-opacity%3D%220%22%2F%3E%3C%2Fsvg%3E\" data-srcset=\"https:\/\/divadlo.pametnaroda.cz\/media\/sites\/3\/2025\/03\/Divadelni-krouzek-Pameti-naroda_P8_Libenska-synagoga_001-scaled-1-200x133.jpg 200w, https:\/\/divadlo.pametnaroda.cz\/media\/sites\/3\/2025\/03\/Divadelni-krouzek-Pameti-naroda_P8_Libenska-synagoga_001-scaled-1-400x267.jpg 400w, https:\/\/divadlo.pametnaroda.cz\/media\/sites\/3\/2025\/03\/Divadelni-krouzek-Pameti-naroda_P8_Libenska-synagoga_001-scaled-1-600x400.jpg 600w, https:\/\/divadlo.pametnaroda.cz\/media\/sites\/3\/2025\/03\/Divadelni-krouzek-Pameti-naroda_P8_Libenska-synagoga_001-scaled-1-800x533.jpg 800w, https:\/\/divadlo.pametnaroda.cz\/media\/sites\/3\/2025\/03\/Divadelni-krouzek-Pameti-naroda_P8_Libenska-synagoga_001-scaled-1-1200x800.jpg 1200w, https:\/\/divadlo.pametnaroda.cz\/media\/sites\/3\/2025\/03\/Divadelni-krouzek-Pameti-naroda_P8_Libenska-synagoga_001-scaled-1.jpg 2560w\" data-sizes=\"auto\" data-orig-sizes=\"(max-width: 1024px) 100vw, (max-width: 640px) 100vw, 2560px\" \/><\/span><\/li><li class=\"image\"><span class=\"lazyload fusion-image-hover-element hover-type-none\"><img decoding=\"async\" src=\"https:\/\/divadlo.pametnaroda.cz\/media\/sites\/3\/2025\/03\/Divadelni-krouzek-Pameti-naroda_P8_Libenska-synagoga_067-scaled-1.jpg\" data-orig-src=\"https:\/\/divadlo.pametnaroda.cz\/media\/sites\/3\/2025\/03\/Divadelni-krouzek-Pameti-naroda_P8_Libenska-synagoga_067-scaled-1.jpg\" width=\"2560\" height=\"1706\" class=\"lazyload wp-image-2727\" srcset=\"data:image\/svg+xml,%3Csvg%20xmlns%3D%27http%3A%2F%2Fwww.w3.org%2F2000%2Fsvg%27%20width%3D%272560%27%20height%3D%271706%27%20viewBox%3D%270%200%202560%201706%27%3E%3Crect%20width%3D%272560%27%20height%3D%271706%27%20fill-opacity%3D%220%22%2F%3E%3C%2Fsvg%3E\" data-srcset=\"https:\/\/divadlo.pametnaroda.cz\/media\/sites\/3\/2025\/03\/Divadelni-krouzek-Pameti-naroda_P8_Libenska-synagoga_067-scaled-1-200x133.jpg 200w, https:\/\/divadlo.pametnaroda.cz\/media\/sites\/3\/2025\/03\/Divadelni-krouzek-Pameti-naroda_P8_Libenska-synagoga_067-scaled-1-400x267.jpg 400w, https:\/\/divadlo.pametnaroda.cz\/media\/sites\/3\/2025\/03\/Divadelni-krouzek-Pameti-naroda_P8_Libenska-synagoga_067-scaled-1-600x400.jpg 600w, https:\/\/divadlo.pametnaroda.cz\/media\/sites\/3\/2025\/03\/Divadelni-krouzek-Pameti-naroda_P8_Libenska-synagoga_067-scaled-1-800x533.jpg 800w, https:\/\/divadlo.pametnaroda.cz\/media\/sites\/3\/2025\/03\/Divadelni-krouzek-Pameti-naroda_P8_Libenska-synagoga_067-scaled-1-1200x800.jpg 1200w, https:\/\/divadlo.pametnaroda.cz\/media\/sites\/3\/2025\/03\/Divadelni-krouzek-Pameti-naroda_P8_Libenska-synagoga_067-scaled-1.jpg 2560w\" data-sizes=\"auto\" data-orig-sizes=\"(max-width: 1024px) 100vw, (max-width: 640px) 100vw, 2560px\" \/><\/span><\/li><\/ul><\/div><\/div><\/div><\/div><\/div><\/div>","protected":false},"excerpt":{"rendered":"","protected":false},"author":8,"featured_media":0,"comment_status":"open","ping_status":"open","sticky":false,"template":"","format":"image","meta":{"footnotes":""},"categories":[75],"tags":[],"class_list":["post-1427","post","type-post","status-publish","format-image","hentry","category-aktuality","post_format-post-format-image"],"yoast_head":"<!-- This site is optimized with the Yoast SEO plugin v24.5 - https:\/\/yoast.com\/wordpress\/plugins\/seo\/ -->\n<title>Zr\u00e1dn\u00e9 Z\u00e1v\u011bt\u0159\u00ed v pod\u00e1n\u00ed divadeln\u00edho ateli\u00e9ru Pam\u011bti n\u00e1roda p\u0159i Divadle pod Palmovkou - Divadlo Pam\u011bti n\u00e1roda<\/title>\n<meta name=\"robots\" content=\"index, follow, max-snippet:-1, max-image-preview:large, max-video-preview:-1\" \/>\n<link rel=\"canonical\" href=\"https:\/\/divadlo.pametnaroda.cz\/en\/2023\/06\/zradne-zavetri-v-podani-divadelniho-atelieru-pameti-naroda-pri-divadle-pod-palmovkou\/\" \/>\n<meta property=\"og:locale\" content=\"en_GB\" \/>\n<meta property=\"og:type\" content=\"article\" \/>\n<meta property=\"og:title\" content=\"Zr\u00e1dn\u00e9 Z\u00e1v\u011bt\u0159\u00ed v pod\u00e1n\u00ed divadeln\u00edho ateli\u00e9ru Pam\u011bti n\u00e1roda p\u0159i Divadle pod Palmovkou - Divadlo Pam\u011bti n\u00e1roda\" \/>\n<meta property=\"og:url\" content=\"https:\/\/divadlo.pametnaroda.cz\/en\/2023\/06\/zradne-zavetri-v-podani-divadelniho-atelieru-pameti-naroda-pri-divadle-pod-palmovkou\/\" \/>\n<meta property=\"og:site_name\" content=\"Divadlo Pam\u011bti n\u00e1roda\" \/>\n<meta property=\"article:published_time\" content=\"2023-06-10T13:34:03+00:00\" \/>\n<meta property=\"article:modified_time\" content=\"2025-03-11T14:59:19+00:00\" \/>\n<meta name=\"author\" content=\"zuzanaburdova\" \/>\n<meta name=\"twitter:card\" content=\"summary_large_image\" \/>\n<meta name=\"twitter:label1\" content=\"Written by\" \/>\n\t<meta name=\"twitter:data1\" content=\"zuzanaburdova\" \/>\n\t<meta name=\"twitter:label2\" content=\"Estimated reading time\" \/>\n\t<meta name=\"twitter:data2\" content=\"3 minutes\" \/>\n<script type=\"application\/ld+json\" class=\"yoast-schema-graph\">{\"@context\":\"https:\/\/schema.org\",\"@graph\":[{\"@type\":\"WebPage\",\"@id\":\"https:\/\/divadlo.pametnaroda.cz\/2023\/06\/zradne-zavetri-v-podani-divadelniho-atelieru-pameti-naroda-pri-divadle-pod-palmovkou\/\",\"url\":\"https:\/\/divadlo.pametnaroda.cz\/2023\/06\/zradne-zavetri-v-podani-divadelniho-atelieru-pameti-naroda-pri-divadle-pod-palmovkou\/\",\"name\":\"Zr\u00e1dn\u00e9 Z\u00e1v\u011bt\u0159\u00ed v pod\u00e1n\u00ed divadeln\u00edho ateli\u00e9ru Pam\u011bti n\u00e1roda p\u0159i Divadle pod Palmovkou - Divadlo Pam\u011bti n\u00e1roda\",\"isPartOf\":{\"@id\":\"https:\/\/divadlo.pametnaroda.cz\/#website\"},\"datePublished\":\"2023-06-10T13:34:03+00:00\",\"dateModified\":\"2025-03-11T14:59:19+00:00\",\"author\":{\"@id\":\"https:\/\/divadlo.pametnaroda.cz\/#\/schema\/person\/b013100b53a9cc70b1ba7998629d6400\"},\"breadcrumb\":{\"@id\":\"https:\/\/divadlo.pametnaroda.cz\/2023\/06\/zradne-zavetri-v-podani-divadelniho-atelieru-pameti-naroda-pri-divadle-pod-palmovkou\/#breadcrumb\"},\"inLanguage\":\"en-GB\",\"potentialAction\":[{\"@type\":\"ReadAction\",\"target\":[\"https:\/\/divadlo.pametnaroda.cz\/2023\/06\/zradne-zavetri-v-podani-divadelniho-atelieru-pameti-naroda-pri-divadle-pod-palmovkou\/\"]}]},{\"@type\":\"BreadcrumbList\",\"@id\":\"https:\/\/divadlo.pametnaroda.cz\/2023\/06\/zradne-zavetri-v-podani-divadelniho-atelieru-pameti-naroda-pri-divadle-pod-palmovkou\/#breadcrumb\",\"itemListElement\":[{\"@type\":\"ListItem\",\"position\":1,\"name\":\"Dom\u016f\",\"item\":\"https:\/\/divadlo.pametnaroda.cz\/\"},{\"@type\":\"ListItem\",\"position\":2,\"name\":\"Zr\u00e1dn\u00e9 Z\u00e1v\u011bt\u0159\u00ed v pod\u00e1n\u00ed divadeln\u00edho ateli\u00e9ru Pam\u011bti n\u00e1roda p\u0159i Divadle pod Palmovkou\"}]},{\"@type\":\"WebSite\",\"@id\":\"https:\/\/divadlo.pametnaroda.cz\/#website\",\"url\":\"https:\/\/divadlo.pametnaroda.cz\/\",\"name\":\"Divadlo Pam\u011bti n\u00e1roda\",\"description\":\"Vypr\u00e1v\u00edme p\u0159\u00edb\u011bhy 20. stolet\u00ed skrze autentick\u00e1 sv\u011bdectv\u00ed Pam\u011bti n\u00e1roda\",\"potentialAction\":[{\"@type\":\"SearchAction\",\"target\":{\"@type\":\"EntryPoint\",\"urlTemplate\":\"https:\/\/divadlo.pametnaroda.cz\/?s={search_term_string}\"},\"query-input\":{\"@type\":\"PropertyValueSpecification\",\"valueRequired\":true,\"valueName\":\"search_term_string\"}}],\"inLanguage\":\"en-GB\"},{\"@type\":\"Person\",\"@id\":\"https:\/\/divadlo.pametnaroda.cz\/#\/schema\/person\/b013100b53a9cc70b1ba7998629d6400\",\"name\":\"zuzanaburdova\",\"image\":{\"@type\":\"ImageObject\",\"inLanguage\":\"en-GB\",\"@id\":\"https:\/\/divadlo.pametnaroda.cz\/#\/schema\/person\/image\/\",\"url\":\"https:\/\/secure.gravatar.com\/avatar\/8961d2f44863668ca3209bb667e55735?s=96&d=mm&r=g\",\"contentUrl\":\"https:\/\/secure.gravatar.com\/avatar\/8961d2f44863668ca3209bb667e55735?s=96&d=mm&r=g\",\"caption\":\"zuzanaburdova\"},\"url\":\"https:\/\/divadlo.pametnaroda.cz\/en\/author\/zuzanaburdova\/\"}]}<\/script>\n<!-- \/ Yoast SEO plugin. -->","yoast_head_json":{"title":"Zr\u00e1dn\u00e9 Z\u00e1v\u011bt\u0159\u00ed v pod\u00e1n\u00ed divadeln\u00edho ateli\u00e9ru Pam\u011bti n\u00e1roda p\u0159i Divadle pod Palmovkou - Divadlo Pam\u011bti n\u00e1roda","robots":{"index":"index","follow":"follow","max-snippet":"max-snippet:-1","max-image-preview":"max-image-preview:large","max-video-preview":"max-video-preview:-1"},"canonical":"https:\/\/divadlo.pametnaroda.cz\/en\/2023\/06\/zradne-zavetri-v-podani-divadelniho-atelieru-pameti-naroda-pri-divadle-pod-palmovkou\/","og_locale":"en_GB","og_type":"article","og_title":"Zr\u00e1dn\u00e9 Z\u00e1v\u011bt\u0159\u00ed v pod\u00e1n\u00ed divadeln\u00edho ateli\u00e9ru Pam\u011bti n\u00e1roda p\u0159i Divadle pod Palmovkou - Divadlo Pam\u011bti n\u00e1roda","og_url":"https:\/\/divadlo.pametnaroda.cz\/en\/2023\/06\/zradne-zavetri-v-podani-divadelniho-atelieru-pameti-naroda-pri-divadle-pod-palmovkou\/","og_site_name":"Divadlo Pam\u011bti n\u00e1roda","article_published_time":"2023-06-10T13:34:03+00:00","article_modified_time":"2025-03-11T14:59:19+00:00","author":"zuzanaburdova","twitter_card":"summary_large_image","twitter_misc":{"Written by":"zuzanaburdova","Estimated reading time":"3 minutes"},"schema":{"@context":"https:\/\/schema.org","@graph":[{"@type":"WebPage","@id":"https:\/\/divadlo.pametnaroda.cz\/2023\/06\/zradne-zavetri-v-podani-divadelniho-atelieru-pameti-naroda-pri-divadle-pod-palmovkou\/","url":"https:\/\/divadlo.pametnaroda.cz\/2023\/06\/zradne-zavetri-v-podani-divadelniho-atelieru-pameti-naroda-pri-divadle-pod-palmovkou\/","name":"Zr\u00e1dn\u00e9 Z\u00e1v\u011bt\u0159\u00ed v pod\u00e1n\u00ed divadeln\u00edho ateli\u00e9ru Pam\u011bti n\u00e1roda p\u0159i Divadle pod Palmovkou - Divadlo Pam\u011bti n\u00e1roda","isPartOf":{"@id":"https:\/\/divadlo.pametnaroda.cz\/#website"},"datePublished":"2023-06-10T13:34:03+00:00","dateModified":"2025-03-11T14:59:19+00:00","author":{"@id":"https:\/\/divadlo.pametnaroda.cz\/#\/schema\/person\/b013100b53a9cc70b1ba7998629d6400"},"breadcrumb":{"@id":"https:\/\/divadlo.pametnaroda.cz\/2023\/06\/zradne-zavetri-v-podani-divadelniho-atelieru-pameti-naroda-pri-divadle-pod-palmovkou\/#breadcrumb"},"inLanguage":"en-GB","potentialAction":[{"@type":"ReadAction","target":["https:\/\/divadlo.pametnaroda.cz\/2023\/06\/zradne-zavetri-v-podani-divadelniho-atelieru-pameti-naroda-pri-divadle-pod-palmovkou\/"]}]},{"@type":"BreadcrumbList","@id":"https:\/\/divadlo.pametnaroda.cz\/2023\/06\/zradne-zavetri-v-podani-divadelniho-atelieru-pameti-naroda-pri-divadle-pod-palmovkou\/#breadcrumb","itemListElement":[{"@type":"ListItem","position":1,"name":"Dom\u016f","item":"https:\/\/divadlo.pametnaroda.cz\/"},{"@type":"ListItem","position":2,"name":"Zr\u00e1dn\u00e9 Z\u00e1v\u011bt\u0159\u00ed v pod\u00e1n\u00ed divadeln\u00edho ateli\u00e9ru Pam\u011bti n\u00e1roda p\u0159i Divadle pod Palmovkou"}]},{"@type":"WebSite","@id":"https:\/\/divadlo.pametnaroda.cz\/#website","url":"https:\/\/divadlo.pametnaroda.cz\/","name":"Divadlo Pam\u011bti n\u00e1roda","description":"Vypr\u00e1v\u00edme p\u0159\u00edb\u011bhy 20. stolet\u00ed skrze autentick\u00e1 sv\u011bdectv\u00ed Pam\u011bti n\u00e1roda","potentialAction":[{"@type":"SearchAction","target":{"@type":"EntryPoint","urlTemplate":"https:\/\/divadlo.pametnaroda.cz\/?s={search_term_string}"},"query-input":{"@type":"PropertyValueSpecification","valueRequired":true,"valueName":"search_term_string"}}],"inLanguage":"en-GB"},{"@type":"Person","@id":"https:\/\/divadlo.pametnaroda.cz\/#\/schema\/person\/b013100b53a9cc70b1ba7998629d6400","name":"zuzanaburdova","image":{"@type":"ImageObject","inLanguage":"en-GB","@id":"https:\/\/divadlo.pametnaroda.cz\/#\/schema\/person\/image\/","url":"https:\/\/secure.gravatar.com\/avatar\/8961d2f44863668ca3209bb667e55735?s=96&d=mm&r=g","contentUrl":"https:\/\/secure.gravatar.com\/avatar\/8961d2f44863668ca3209bb667e55735?s=96&d=mm&r=g","caption":"zuzanaburdova"},"url":"https:\/\/divadlo.pametnaroda.cz\/en\/author\/zuzanaburdova\/"}]}},"_links":{"self":[{"href":"https:\/\/divadlo.pametnaroda.cz\/en\/wp-json\/wp\/v2\/posts\/1427","targetHints":{"allow":["GET"]}}],"collection":[{"href":"https:\/\/divadlo.pametnaroda.cz\/en\/wp-json\/wp\/v2\/posts"}],"about":[{"href":"https:\/\/divadlo.pametnaroda.cz\/en\/wp-json\/wp\/v2\/types\/post"}],"author":[{"embeddable":true,"href":"https:\/\/divadlo.pametnaroda.cz\/en\/wp-json\/wp\/v2\/users\/8"}],"replies":[{"embeddable":true,"href":"https:\/\/divadlo.pametnaroda.cz\/en\/wp-json\/wp\/v2\/comments?post=1427"}],"version-history":[{"count":0,"href":"https:\/\/divadlo.pametnaroda.cz\/en\/wp-json\/wp\/v2\/posts\/1427\/revisions"}],"wp:attachment":[{"href":"https:\/\/divadlo.pametnaroda.cz\/en\/wp-json\/wp\/v2\/media?parent=1427"}],"wp:term":[{"taxonomy":"category","embeddable":true,"href":"https:\/\/divadlo.pametnaroda.cz\/en\/wp-json\/wp\/v2\/categories?post=1427"},{"taxonomy":"post_tag","embeddable":true,"href":"https:\/\/divadlo.pametnaroda.cz\/en\/wp-json\/wp\/v2\/tags?post=1427"}],"curies":[{"name":"wp","href":"https:\/\/api.w.org\/{rel}","templated":true}]}}