{"id":2519,"date":"2024-03-20T10:37:36","date_gmt":"2024-03-20T09:37:36","guid":{"rendered":"https:\/\/divadlo.pametnaroda.cz\/?p=2519"},"modified":"2025-03-11T14:39:46","modified_gmt":"2025-03-11T13:39:46","slug":"divadlo-pameti-naroda-vas-zve-do-narodniho-divadla","status":"publish","type":"post","link":"https:\/\/divadlo.pametnaroda.cz\/en\/2024\/03\/divadlo-pameti-naroda-vas-zve-do-narodniho-divadla\/","title":{"rendered":"The Memory of Nations Theatre Invites You to the National Theatre!"},"content":{"rendered":"<div class=\"fusion-fullwidth fullwidth-box fusion-builder-row-1 fusion-flex-container nonhundred-percent-fullwidth non-hundred-percent-height-scrolling\" style=\"--awb-border-radius-top-left:0px;--awb-border-radius-top-right:0px;--awb-border-radius-bottom-right:0px;--awb-border-radius-bottom-left:0px;--awb-flex-wrap:wrap;\" ><div class=\"fusion-builder-row fusion-row fusion-flex-align-items-flex-start fusion-flex-content-wrap\" style=\"max-width:1331.2px;margin-left: calc(-4% \/ 2 );margin-right: calc(-4% \/ 2 );\"><div class=\"fusion-layout-column fusion_builder_column fusion-builder-column-0 fusion_builder_column_1_1 1_1 fusion-flex-column\" style=\"--awb-bg-size:cover;--awb-width-large:100%;--awb-margin-top-large:0px;--awb-spacing-right-large:1.92%;--awb-margin-bottom-large:0px;--awb-spacing-left-large:1.92%;--awb-width-medium:100%;--awb-spacing-right-medium:1.92%;--awb-spacing-left-medium:1.92%;--awb-width-small:100%;--awb-spacing-right-small:1.92%;--awb-spacing-left-small:1.92%;\"><div class=\"fusion-column-wrapper fusion-flex-justify-content-flex-start fusion-content-layout-column\"><div class=\"fusion-text fusion-text-1\"><div><span style=\"font-family: arial, helvetica, sans-serif;font-size: 16px\"><span data-fusion-font=\"true\" style=\"font-size: 15px\">As part of the <\/span><i><span data-fusion-font=\"true\" style=\"font-size: 15px\">International Theatre Week Festival<\/span><\/i><span data-fusion-font=\"true\" style=\"font-size: 15px\"> , we will celebrate World Theatre Day with a dance performance of <\/span><b data-fusion-font=\"true\" style=\"font-size: 15px\">Road No. 19<\/b><span data-fusion-font=\"true\" style=\"font-size: 15px\">. <\/span><\/span><\/div>\n<div><\/div>\n<div><span style=\"font-family: arial, helvetica, sans-serif;font-size: 16px\"><b data-fusion-font=\"true\" style=\"font-size: 15px\">When:<\/b><span data-fusion-font=\"true\" style=\"font-size: 15px\"> Wednesday, March 20<\/span><\/span><\/div>\n<div><span style=\"font-family: arial, helvetica, sans-serif;font-size: 16px\"><b data-fusion-font=\"true\" style=\"font-size: 15px\">Where:<\/b><span data-fusion-font=\"true\" style=\"font-size: 15px\"> provozn\u00ed budova B N\u00e1rodn\u00edho divadla (p\u0159\u00edzem\u00ed), p\u0159\u00edstupn\u00e1 p\u0159\u00edmo z n\u00e1m\u011bst\u00ed V\u00e1clava Havla<\/span><\/span><\/div>\n<div><span style=\"font-family: arial, helvetica, sans-serif;font-size: 16px\"><b data-fusion-font=\"true\" style=\"font-size: 15px\">Admission:<\/b><span data-fusion-font=\"true\" style=\"font-size: 15px\"> free, no reservations, until capacity is reached<\/span><\/span><\/div>\n<div><span style=\"font-family: arial, helvetica, sans-serif;font-size: 16px\"><b data-fusion-font=\"true\" style=\"font-size: 15px\">Program:<\/b><\/span><\/div>\n<ul>\n<li><span style=\"font-family: arial, helvetica, sans-serif;font-size: 15px\" data-fusion-font=\"true\">19:00 - 19:15: Introductory speech by the director of the production and artistic director of the Memory of Nations Theatre Tamara Pomori\u0161ki<\/span><\/li>\n<li><span style=\"font-family: arial, helvetica, sans-serif;font-size: 15px\" data-fusion-font=\"true\">19:15 - approx. 20:30: Production of Road No. 19 with live vocal accompaniment by singer Ridina Ahmed and audience discussion with the authors and dancers<\/span><\/li>\n<\/ul>\n<div><span style=\"font-family: arial, helvetica, sans-serif;font-size: 16px\"><span data-fusion-font=\"true\" style=\"font-size: 15px\">The full program of the International Week can be found <\/span><a href=\"https:\/\/smartemailinglinks.seurl.cz\/public\/open\/clink\/?u=69dd63f9-04e3-11e7-aa84-06d7625d9f3d&amp;c=ef6ab687-1050-11ec-9b63-ac1f6ba555ed&amp;l=1dd17854-e4a1-11ee-91f8-9c69b462e2e4&amp;sid=e749302b57584c8e9ededb1b91b78d0f\" target=\"_blank\" rel=\"noopener\" data-saferedirecturl=\"https:\/\/www.google.com\/url?hl=cs&amp;q=https:\/\/smartemailinglinks.seurl.cz\/public\/open\/clink\/?u%3D69dd63f9-04e3-11e7-aa84-06d7625d9f3d%26c%3Def6ab687-1050-11ec-9b63-ac1f6ba555ed%26l%3D1dd17854-e4a1-11ee-91f8-9c69b462e2e4%26sid%3De749302b57584c8e9ededb1b91b78d0f&amp;source=gmail&amp;ust=1711013562251000&amp;usg=AOvVaw0v6A3rmdroQ6l2A8-rVmdh\" data-fusion-font=\"true\" style=\"font-size: 15px\">here<\/a><span data-fusion-font=\"true\" style=\"font-size: 15px\">.<\/span><\/span><\/div>\n<div><span style=\"font-family: arial, helvetica, sans-serif;font-size: 16px\"><b data-fusion-font=\"true\" style=\"font-size: 15px\"> <\/b><\/span><\/div>\n<div><span style=\"font-family: arial, helvetica, sans-serif;font-size: 16px\"><b data-fusion-font=\"true\" style=\"font-size: 15px\">We look forward to your visit!<\/b><\/span><\/div>\n<div><\/div>\n<\/div><\/div><\/div><\/div><\/div>","protected":false},"excerpt":{"rendered":"","protected":false},"author":7,"featured_media":0,"comment_status":"open","ping_status":"open","sticky":false,"template":"","format":"standard","meta":{"footnotes":""},"categories":[75],"tags":[],"class_list":["post-2519","post","type-post","status-publish","format-standard","hentry","category-aktuality"],"yoast_head":"<!-- This site is optimized with the Yoast SEO plugin v24.5 - https:\/\/yoast.com\/wordpress\/plugins\/seo\/ -->\n<title>Divadlo Pam\u011bti n\u00e1roda v\u00e1s zve do N\u00e1rodn\u00edho divadla! - Divadlo Pam\u011bti n\u00e1roda<\/title>\n<meta name=\"robots\" content=\"index, follow, max-snippet:-1, max-image-preview:large, max-video-preview:-1\" \/>\n<link rel=\"canonical\" href=\"https:\/\/divadlo.pametnaroda.cz\/en\/2024\/03\/divadlo-pameti-naroda-vas-zve-do-narodniho-divadla\/\" \/>\n<meta property=\"og:locale\" content=\"en_GB\" \/>\n<meta property=\"og:type\" content=\"article\" \/>\n<meta property=\"og:title\" content=\"Divadlo Pam\u011bti n\u00e1roda v\u00e1s zve do N\u00e1rodn\u00edho divadla! - Divadlo Pam\u011bti n\u00e1roda\" \/>\n<meta property=\"og:url\" content=\"https:\/\/divadlo.pametnaroda.cz\/en\/2024\/03\/divadlo-pameti-naroda-vas-zve-do-narodniho-divadla\/\" \/>\n<meta property=\"og:site_name\" content=\"Divadlo Pam\u011bti n\u00e1roda\" \/>\n<meta property=\"article:published_time\" content=\"2024-03-20T09:37:36+00:00\" \/>\n<meta property=\"article:modified_time\" content=\"2025-03-11T13:39:46+00:00\" \/>\n<meta name=\"author\" content=\"Divadlo PN\" \/>\n<meta name=\"twitter:card\" content=\"summary_large_image\" \/>\n<meta name=\"twitter:label1\" content=\"Written by\" \/>\n\t<meta name=\"twitter:data1\" content=\"Divadlo PN\" \/>\n\t<meta name=\"twitter:label2\" content=\"Estimated reading time\" \/>\n\t<meta name=\"twitter:data2\" content=\"1 minute\" \/>\n<script type=\"application\/ld+json\" class=\"yoast-schema-graph\">{\"@context\":\"https:\/\/schema.org\",\"@graph\":[{\"@type\":\"WebPage\",\"@id\":\"https:\/\/divadlo.pametnaroda.cz\/2024\/03\/divadlo-pameti-naroda-vas-zve-do-narodniho-divadla\/\",\"url\":\"https:\/\/divadlo.pametnaroda.cz\/2024\/03\/divadlo-pameti-naroda-vas-zve-do-narodniho-divadla\/\",\"name\":\"Divadlo Pam\u011bti n\u00e1roda v\u00e1s zve do N\u00e1rodn\u00edho divadla! - Divadlo Pam\u011bti n\u00e1roda\",\"isPartOf\":{\"@id\":\"https:\/\/divadlo.pametnaroda.cz\/#website\"},\"datePublished\":\"2024-03-20T09:37:36+00:00\",\"dateModified\":\"2025-03-11T13:39:46+00:00\",\"author\":{\"@id\":\"https:\/\/divadlo.pametnaroda.cz\/#\/schema\/person\/1bd4c1ebef3b90d9cf2eeabf6ed899c2\"},\"breadcrumb\":{\"@id\":\"https:\/\/divadlo.pametnaroda.cz\/2024\/03\/divadlo-pameti-naroda-vas-zve-do-narodniho-divadla\/#breadcrumb\"},\"inLanguage\":\"en-GB\",\"potentialAction\":[{\"@type\":\"ReadAction\",\"target\":[\"https:\/\/divadlo.pametnaroda.cz\/2024\/03\/divadlo-pameti-naroda-vas-zve-do-narodniho-divadla\/\"]}]},{\"@type\":\"BreadcrumbList\",\"@id\":\"https:\/\/divadlo.pametnaroda.cz\/2024\/03\/divadlo-pameti-naroda-vas-zve-do-narodniho-divadla\/#breadcrumb\",\"itemListElement\":[{\"@type\":\"ListItem\",\"position\":1,\"name\":\"Dom\u016f\",\"item\":\"https:\/\/divadlo.pametnaroda.cz\/\"},{\"@type\":\"ListItem\",\"position\":2,\"name\":\"Divadlo Pam\u011bti n\u00e1roda v\u00e1s zve do N\u00e1rodn\u00edho divadla!\"}]},{\"@type\":\"WebSite\",\"@id\":\"https:\/\/divadlo.pametnaroda.cz\/#website\",\"url\":\"https:\/\/divadlo.pametnaroda.cz\/\",\"name\":\"Divadlo Pam\u011bti n\u00e1roda\",\"description\":\"Vypr\u00e1v\u00edme p\u0159\u00edb\u011bhy 20. stolet\u00ed skrze autentick\u00e1 sv\u011bdectv\u00ed Pam\u011bti n\u00e1roda\",\"potentialAction\":[{\"@type\":\"SearchAction\",\"target\":{\"@type\":\"EntryPoint\",\"urlTemplate\":\"https:\/\/divadlo.pametnaroda.cz\/?s={search_term_string}\"},\"query-input\":{\"@type\":\"PropertyValueSpecification\",\"valueRequired\":true,\"valueName\":\"search_term_string\"}}],\"inLanguage\":\"en-GB\"},{\"@type\":\"Person\",\"@id\":\"https:\/\/divadlo.pametnaroda.cz\/#\/schema\/person\/1bd4c1ebef3b90d9cf2eeabf6ed899c2\",\"name\":\"Divadlo PN\",\"image\":{\"@type\":\"ImageObject\",\"inLanguage\":\"en-GB\",\"@id\":\"https:\/\/divadlo.pametnaroda.cz\/#\/schema\/person\/image\/\",\"url\":\"https:\/\/secure.gravatar.com\/avatar\/8c0eabc35d7908c7150a51872520b359?s=96&d=mm&r=g\",\"contentUrl\":\"https:\/\/secure.gravatar.com\/avatar\/8c0eabc35d7908c7150a51872520b359?s=96&d=mm&r=g\",\"caption\":\"Divadlo PN\"},\"url\":\"https:\/\/divadlo.pametnaroda.cz\/en\/author\/tamarapomoriski\/\"}]}<\/script>\n<!-- \/ Yoast SEO plugin. -->","yoast_head_json":{"title":"Divadlo Pam\u011bti n\u00e1roda v\u00e1s zve do N\u00e1rodn\u00edho divadla! - Divadlo Pam\u011bti n\u00e1roda","robots":{"index":"index","follow":"follow","max-snippet":"max-snippet:-1","max-image-preview":"max-image-preview:large","max-video-preview":"max-video-preview:-1"},"canonical":"https:\/\/divadlo.pametnaroda.cz\/en\/2024\/03\/divadlo-pameti-naroda-vas-zve-do-narodniho-divadla\/","og_locale":"en_GB","og_type":"article","og_title":"Divadlo Pam\u011bti n\u00e1roda v\u00e1s zve do N\u00e1rodn\u00edho divadla! - Divadlo Pam\u011bti n\u00e1roda","og_url":"https:\/\/divadlo.pametnaroda.cz\/en\/2024\/03\/divadlo-pameti-naroda-vas-zve-do-narodniho-divadla\/","og_site_name":"Divadlo Pam\u011bti n\u00e1roda","article_published_time":"2024-03-20T09:37:36+00:00","article_modified_time":"2025-03-11T13:39:46+00:00","author":"Divadlo PN","twitter_card":"summary_large_image","twitter_misc":{"Written by":"Divadlo PN","Estimated reading time":"1 minute"},"schema":{"@context":"https:\/\/schema.org","@graph":[{"@type":"WebPage","@id":"https:\/\/divadlo.pametnaroda.cz\/2024\/03\/divadlo-pameti-naroda-vas-zve-do-narodniho-divadla\/","url":"https:\/\/divadlo.pametnaroda.cz\/2024\/03\/divadlo-pameti-naroda-vas-zve-do-narodniho-divadla\/","name":"Divadlo Pam\u011bti n\u00e1roda v\u00e1s zve do N\u00e1rodn\u00edho divadla! - Divadlo Pam\u011bti n\u00e1roda","isPartOf":{"@id":"https:\/\/divadlo.pametnaroda.cz\/#website"},"datePublished":"2024-03-20T09:37:36+00:00","dateModified":"2025-03-11T13:39:46+00:00","author":{"@id":"https:\/\/divadlo.pametnaroda.cz\/#\/schema\/person\/1bd4c1ebef3b90d9cf2eeabf6ed899c2"},"breadcrumb":{"@id":"https:\/\/divadlo.pametnaroda.cz\/2024\/03\/divadlo-pameti-naroda-vas-zve-do-narodniho-divadla\/#breadcrumb"},"inLanguage":"en-GB","potentialAction":[{"@type":"ReadAction","target":["https:\/\/divadlo.pametnaroda.cz\/2024\/03\/divadlo-pameti-naroda-vas-zve-do-narodniho-divadla\/"]}]},{"@type":"BreadcrumbList","@id":"https:\/\/divadlo.pametnaroda.cz\/2024\/03\/divadlo-pameti-naroda-vas-zve-do-narodniho-divadla\/#breadcrumb","itemListElement":[{"@type":"ListItem","position":1,"name":"Dom\u016f","item":"https:\/\/divadlo.pametnaroda.cz\/"},{"@type":"ListItem","position":2,"name":"Divadlo Pam\u011bti n\u00e1roda v\u00e1s zve do N\u00e1rodn\u00edho divadla!"}]},{"@type":"WebSite","@id":"https:\/\/divadlo.pametnaroda.cz\/#website","url":"https:\/\/divadlo.pametnaroda.cz\/","name":"Divadlo Pam\u011bti n\u00e1roda","description":"Vypr\u00e1v\u00edme p\u0159\u00edb\u011bhy 20. stolet\u00ed skrze autentick\u00e1 sv\u011bdectv\u00ed Pam\u011bti n\u00e1roda","potentialAction":[{"@type":"SearchAction","target":{"@type":"EntryPoint","urlTemplate":"https:\/\/divadlo.pametnaroda.cz\/?s={search_term_string}"},"query-input":{"@type":"PropertyValueSpecification","valueRequired":true,"valueName":"search_term_string"}}],"inLanguage":"en-GB"},{"@type":"Person","@id":"https:\/\/divadlo.pametnaroda.cz\/#\/schema\/person\/1bd4c1ebef3b90d9cf2eeabf6ed899c2","name":"Divadlo PN","image":{"@type":"ImageObject","inLanguage":"en-GB","@id":"https:\/\/divadlo.pametnaroda.cz\/#\/schema\/person\/image\/","url":"https:\/\/secure.gravatar.com\/avatar\/8c0eabc35d7908c7150a51872520b359?s=96&d=mm&r=g","contentUrl":"https:\/\/secure.gravatar.com\/avatar\/8c0eabc35d7908c7150a51872520b359?s=96&d=mm&r=g","caption":"Divadlo PN"},"url":"https:\/\/divadlo.pametnaroda.cz\/en\/author\/tamarapomoriski\/"}]}},"_links":{"self":[{"href":"https:\/\/divadlo.pametnaroda.cz\/en\/wp-json\/wp\/v2\/posts\/2519","targetHints":{"allow":["GET"]}}],"collection":[{"href":"https:\/\/divadlo.pametnaroda.cz\/en\/wp-json\/wp\/v2\/posts"}],"about":[{"href":"https:\/\/divadlo.pametnaroda.cz\/en\/wp-json\/wp\/v2\/types\/post"}],"author":[{"embeddable":true,"href":"https:\/\/divadlo.pametnaroda.cz\/en\/wp-json\/wp\/v2\/users\/7"}],"replies":[{"embeddable":true,"href":"https:\/\/divadlo.pametnaroda.cz\/en\/wp-json\/wp\/v2\/comments?post=2519"}],"version-history":[{"count":0,"href":"https:\/\/divadlo.pametnaroda.cz\/en\/wp-json\/wp\/v2\/posts\/2519\/revisions"}],"wp:attachment":[{"href":"https:\/\/divadlo.pametnaroda.cz\/en\/wp-json\/wp\/v2\/media?parent=2519"}],"wp:term":[{"taxonomy":"category","embeddable":true,"href":"https:\/\/divadlo.pametnaroda.cz\/en\/wp-json\/wp\/v2\/categories?post=2519"},{"taxonomy":"post_tag","embeddable":true,"href":"https:\/\/divadlo.pametnaroda.cz\/en\/wp-json\/wp\/v2\/tags?post=2519"}],"curies":[{"name":"wp","href":"https:\/\/api.w.org\/{rel}","templated":true}]}}