{"id":2791,"date":"2025-08-27T16:47:04","date_gmt":"2025-08-27T14:47:04","guid":{"rendered":"https:\/\/divadlo.pametnaroda.cz\/?p=2791"},"modified":"2025-08-27T17:01:31","modified_gmt":"2025-08-27T15:01:31","slug":"nova-sezona-divadelnich-atelier","status":"publish","type":"post","link":"https:\/\/divadlo.pametnaroda.cz\/en\/2025\/08\/nova-sezona-divadelnich-atelier\/","title":{"rendered":"New Season of Theatre Studios"},"content":{"rendered":"<div class=\"fusion-fullwidth fullwidth-box fusion-builder-row-1 fusion-flex-container has-pattern-background has-mask-background nonhundred-percent-fullwidth non-hundred-percent-height-scrolling\" style=\"--awb-border-radius-top-left:0px;--awb-border-radius-top-right:0px;--awb-border-radius-bottom-right:0px;--awb-border-radius-bottom-left:0px;--awb-flex-wrap:wrap;\" ><div class=\"fusion-builder-row fusion-row fusion-flex-align-items-flex-start fusion-flex-content-wrap\" style=\"max-width:1331.2px;margin-left: calc(-4% \/ 2 );margin-right: calc(-4% \/ 2 );\"><div class=\"fusion-layout-column fusion_builder_column fusion-builder-column-0 fusion_builder_column_1_2 1_2 fusion-flex-column\" style=\"--awb-bg-size:cover;--awb-width-large:50%;--awb-margin-top-large:10px;--awb-spacing-right-large:3.84%;--awb-margin-bottom-large:10px;--awb-spacing-left-large:3.84%;--awb-width-medium:100%;--awb-order-medium:0;--awb-spacing-right-medium:1.92%;--awb-spacing-left-medium:1.92%;--awb-width-small:100%;--awb-order-small:0;--awb-spacing-right-small:1.92%;--awb-spacing-left-small:1.92%;\"><div class=\"fusion-column-wrapper fusion-column-has-shadow fusion-flex-justify-content-flex-start fusion-content-layout-column\"><div class=\"fusion-text fusion-text-1\"><p><span style=\"font-weight: 400\"><strong>The Memory of Nations Thatre Studios<\/strong> will continue in the 2025\/2026 school year, namely in <strong>Prague, Brno, Hradec Kr\u00e1lov\u00e9, Karlovy Vary and Liberec<\/strong>! They are designed for <strong>young people aged 12\u201326<\/strong>, who are interested in theatre, stories, and recent history.<\/span><\/p>\n<p><span style=\"font-weight: 400\">New for this season:<\/span><\/p>\n<ul>\n<li style=\"font-weight: 400\"><span style=\"font-weight: 400\">Studio at Prague City Theaters for participants aged 15\u201326 \u2013 open to our \"grown-up\" theatre artists and newcomers.<\/span><\/li>\n<li style=\"font-weight: 400\"><span style=\"font-weight: 400\">Studio in collaboration with CIRQUEON \u2013 combining theatre and elements of contemporary circus.<\/span><\/li>\n<\/ul>\n<p><span style=\"font-weight: 400\">The Studios are a space for creativity, collaboration and finding your own perspective on the past and present through theatre. The sessions take place once a week throughout the school year in an inspiring environment of theaters, galleries, and libraries.<\/span><\/p>\n<p><strong>We start on September 22, register <a href=\"https:\/\/forms.gle\/PjrPyU3uFxh3Riyu6\" target=\"_blank\" rel=\"noopener noreferrer\">here<\/a>.<\/strong><\/p>\n<p><strong>Venues and Dates of Theatre Studios 2025\/26:<\/strong><\/p>\n<ul>\n<li>Prague 1 \u2013 Monday 17:00\u201318:30, Theatre v Dlouh\u00e9 (ages 12\u201318, 3 000 CZK \/ semester), lecturer Kate\u0159ina Doj\u010d\u00e1nov\u00e1<\/li>\n<li>Prague 1 \u2013 Wednesday 16:30\u201318:00, Small Stage of the ABC Theatre (ages 15\u201326, 3 000 CZK \/ semester), lecturer Alena Sk\u00e1lov\u00e1<\/li>\n<li>Prague 4 \u2013 Tuesday 17:30\u201319:00, CIRQUEON (ages 12\u201315, min. 1 year of circus experience, 3 900 CZK \/ semester), lecturers Lucie Vacovsk\u00e1 and Ond\u0159ej Holba, <a href=\"https:\/\/cirqueon.cz\/kurz\/atelier-pameti-naroda-12-15-let\" target=\"_blank\" rel=\"noopener noreferrer\">applications through CQ<\/a><\/li>\n<li>Prague 6 \u2013 Monday 16:30\u201318:00, Pet\u0159iny Library (ages 12\u201318, 3 000 CZK \/ semester), lecturer Alena Sk\u00e1lov\u00e1<\/li>\n<li>Prague 7 \u2013 weekend rehearsals, NGP \u2013 Trade Fair Palace (ages 16\u201320), lecturer Josef Dole\u017eal<\/li>\n<li>Prague 8 \u2013 Wednesday 16:30\u201318:00, Theatre pod Palmovkou (ages 12\u201318, 3 000 CZK \/ semester), lecturer Jitka M\u00ed\u010dkov\u00e1<\/li>\n<li>Brno \u2013 Wednesday 16:00\u201318:00, Aldente Theater Creative Center (ages 12\u201316, 2 200 CZK \/ semester), lecturer Marie H\u00f3tov\u00e1<\/li>\n<li>Hradec Kr\u00e1lov\u00e9 \u2013 Tuesday 17:00\u201319:00, Drak Theatre (ages 14\u201319, 2 500 CZK \/ year), lecturers Kl\u00e1ra Fidlerov\u00e1 and Jana Nechv\u00e1talov\u00e1<\/li>\n<li>Liberec \u2013 Thursday 17:15\u201318:45, Studio U Obr\u00e1zku 345\/4 (ages 12\u201318, 1 600 CZK \/ semester or 2 800 CZK \/ year), lecturer Nina Doubkov\u00e1<\/li>\n<li>Karlovy Vary \u2013 to be specified, Anton\u00edn Dvo\u0159\u00e1k Music School, lecturer Jan Kindl<\/li>\n<\/ul>\n<\/div><\/div><\/div><div class=\"fusion-layout-column fusion_builder_column fusion-builder-column-1 fusion_builder_column_1_2 1_2 fusion-flex-column\" style=\"--awb-bg-size:cover;--awb-width-large:50%;--awb-margin-top-large:10px;--awb-spacing-right-large:3.84%;--awb-margin-bottom-large:10px;--awb-spacing-left-large:3.84%;--awb-width-medium:100%;--awb-order-medium:0;--awb-spacing-right-medium:1.92%;--awb-spacing-left-medium:1.92%;--awb-width-small:100%;--awb-order-small:0;--awb-spacing-right-small:1.92%;--awb-spacing-left-small:1.92%;\"><div class=\"fusion-column-wrapper fusion-column-has-shadow fusion-flex-justify-content-flex-start fusion-content-layout-column\"><div class=\"fusion-image-element\" style=\"--awb-caption-title-font-family:var(--h2_typography-font-family);--awb-caption-title-font-weight:var(--h2_typography-font-weight);--awb-caption-title-font-style:var(--h2_typography-font-style);--awb-caption-title-size:var(--h2_typography-font-size);--awb-caption-title-transform:var(--h2_typography-text-transform);--awb-caption-title-line-height:var(--h2_typography-line-height);--awb-caption-title-letter-spacing:var(--h2_typography-letter-spacing);\"><span class=\"fusion-imageframe imageframe-none imageframe-1 hover-type-none\"><img decoding=\"async\" width=\"1440\" height=\"2560\" title=\"divadelni_ateliery_1080x1920\" src=\"https:\/\/divadlo.pametnaroda.cz\/media\/sites\/3\/2025\/08\/divadelni_ateliery_1080x1920-scaled.jpg\" data-orig-src=\"https:\/\/divadlo.pametnaroda.cz\/media\/sites\/3\/2025\/08\/divadelni_ateliery_1080x1920-scaled.jpg\" alt class=\"lazyload img-responsive wp-image-2792\" srcset=\"data:image\/svg+xml,%3Csvg%20xmlns%3D%27http%3A%2F%2Fwww.w3.org%2F2000%2Fsvg%27%20width%3D%271440%27%20height%3D%272560%27%20viewBox%3D%270%200%201440%202560%27%3E%3Crect%20width%3D%271440%27%20height%3D%272560%27%20fill-opacity%3D%220%22%2F%3E%3C%2Fsvg%3E\" data-srcset=\"https:\/\/divadlo.pametnaroda.cz\/media\/sites\/3\/2025\/08\/divadelni_ateliery_1080x1920-200x356.jpg 200w, https:\/\/divadlo.pametnaroda.cz\/media\/sites\/3\/2025\/08\/divadelni_ateliery_1080x1920-400x711.jpg 400w, https:\/\/divadlo.pametnaroda.cz\/media\/sites\/3\/2025\/08\/divadelni_ateliery_1080x1920-600x1067.jpg 600w, https:\/\/divadlo.pametnaroda.cz\/media\/sites\/3\/2025\/08\/divadelni_ateliery_1080x1920-800x1422.jpg 800w, https:\/\/divadlo.pametnaroda.cz\/media\/sites\/3\/2025\/08\/divadelni_ateliery_1080x1920-1200x2133.jpg 1200w, https:\/\/divadlo.pametnaroda.cz\/media\/sites\/3\/2025\/08\/divadelni_ateliery_1080x1920-scaled.jpg 1440w\" data-sizes=\"auto\" data-orig-sizes=\"(max-width: 1024px) 100vw, (max-width: 640px) 100vw, 800px\" \/><\/span><\/div><\/div><\/div><\/div><\/div>","protected":false},"excerpt":{"rendered":"","protected":false},"author":7,"featured_media":0,"comment_status":"closed","ping_status":"closed","sticky":false,"template":"","format":"standard","meta":{"footnotes":""},"categories":[75],"tags":[],"class_list":["post-2791","post","type-post","status-publish","format-standard","hentry","category-aktuality"],"yoast_head":"<!-- This site is optimized with the Yoast SEO plugin v24.5 - https:\/\/yoast.com\/wordpress\/plugins\/seo\/ -->\n<title>Nov\u00e1 sez\u00f3na divadeln\u00edch ateli\u00e9r\u016f - Divadlo Pam\u011bti n\u00e1roda<\/title>\n<meta name=\"robots\" content=\"index, follow, max-snippet:-1, max-image-preview:large, max-video-preview:-1\" \/>\n<link rel=\"canonical\" href=\"https:\/\/divadlo.pametnaroda.cz\/en\/2025\/08\/nova-sezona-divadelnich-atelier\/\" \/>\n<meta property=\"og:locale\" content=\"en_GB\" \/>\n<meta property=\"og:type\" content=\"article\" \/>\n<meta property=\"og:title\" content=\"Nov\u00e1 sez\u00f3na divadeln\u00edch ateli\u00e9r\u016f - Divadlo Pam\u011bti n\u00e1roda\" \/>\n<meta property=\"og:url\" content=\"https:\/\/divadlo.pametnaroda.cz\/en\/2025\/08\/nova-sezona-divadelnich-atelier\/\" \/>\n<meta property=\"og:site_name\" content=\"Divadlo Pam\u011bti n\u00e1roda\" \/>\n<meta property=\"article:published_time\" content=\"2025-08-27T14:47:04+00:00\" \/>\n<meta property=\"article:modified_time\" content=\"2025-08-27T15:01:31+00:00\" \/>\n<meta name=\"author\" content=\"Divadlo PN\" \/>\n<meta name=\"twitter:card\" content=\"summary_large_image\" \/>\n<meta name=\"twitter:label1\" content=\"Written by\" \/>\n\t<meta name=\"twitter:data1\" content=\"Divadlo PN\" \/>\n\t<meta name=\"twitter:label2\" content=\"Estimated reading time\" \/>\n\t<meta name=\"twitter:data2\" content=\"6 minutes\" \/>\n<script type=\"application\/ld+json\" class=\"yoast-schema-graph\">{\"@context\":\"https:\/\/schema.org\",\"@graph\":[{\"@type\":\"WebPage\",\"@id\":\"https:\/\/divadlo.pametnaroda.cz\/2025\/08\/nova-sezona-divadelnich-atelier\/\",\"url\":\"https:\/\/divadlo.pametnaroda.cz\/2025\/08\/nova-sezona-divadelnich-atelier\/\",\"name\":\"Nov\u00e1 sez\u00f3na divadeln\u00edch ateli\u00e9r\u016f - Divadlo Pam\u011bti n\u00e1roda\",\"isPartOf\":{\"@id\":\"https:\/\/divadlo.pametnaroda.cz\/#website\"},\"datePublished\":\"2025-08-27T14:47:04+00:00\",\"dateModified\":\"2025-08-27T15:01:31+00:00\",\"author\":{\"@id\":\"https:\/\/divadlo.pametnaroda.cz\/#\/schema\/person\/1bd4c1ebef3b90d9cf2eeabf6ed899c2\"},\"breadcrumb\":{\"@id\":\"https:\/\/divadlo.pametnaroda.cz\/2025\/08\/nova-sezona-divadelnich-atelier\/#breadcrumb\"},\"inLanguage\":\"en-GB\",\"potentialAction\":[{\"@type\":\"ReadAction\",\"target\":[\"https:\/\/divadlo.pametnaroda.cz\/2025\/08\/nova-sezona-divadelnich-atelier\/\"]}]},{\"@type\":\"BreadcrumbList\",\"@id\":\"https:\/\/divadlo.pametnaroda.cz\/2025\/08\/nova-sezona-divadelnich-atelier\/#breadcrumb\",\"itemListElement\":[{\"@type\":\"ListItem\",\"position\":1,\"name\":\"Dom\u016f\",\"item\":\"https:\/\/divadlo.pametnaroda.cz\/\"},{\"@type\":\"ListItem\",\"position\":2,\"name\":\"Nov\u00e1 sez\u00f3na divadeln\u00edch ateli\u00e9r\u016f\"}]},{\"@type\":\"WebSite\",\"@id\":\"https:\/\/divadlo.pametnaroda.cz\/#website\",\"url\":\"https:\/\/divadlo.pametnaroda.cz\/\",\"name\":\"Divadlo Pam\u011bti n\u00e1roda\",\"description\":\"Vypr\u00e1v\u00edme p\u0159\u00edb\u011bhy 20. stolet\u00ed skrze autentick\u00e1 sv\u011bdectv\u00ed Pam\u011bti n\u00e1roda\",\"potentialAction\":[{\"@type\":\"SearchAction\",\"target\":{\"@type\":\"EntryPoint\",\"urlTemplate\":\"https:\/\/divadlo.pametnaroda.cz\/?s={search_term_string}\"},\"query-input\":{\"@type\":\"PropertyValueSpecification\",\"valueRequired\":true,\"valueName\":\"search_term_string\"}}],\"inLanguage\":\"en-GB\"},{\"@type\":\"Person\",\"@id\":\"https:\/\/divadlo.pametnaroda.cz\/#\/schema\/person\/1bd4c1ebef3b90d9cf2eeabf6ed899c2\",\"name\":\"Divadlo PN\",\"image\":{\"@type\":\"ImageObject\",\"inLanguage\":\"en-GB\",\"@id\":\"https:\/\/divadlo.pametnaroda.cz\/#\/schema\/person\/image\/\",\"url\":\"https:\/\/secure.gravatar.com\/avatar\/8c0eabc35d7908c7150a51872520b359?s=96&d=mm&r=g\",\"contentUrl\":\"https:\/\/secure.gravatar.com\/avatar\/8c0eabc35d7908c7150a51872520b359?s=96&d=mm&r=g\",\"caption\":\"Divadlo PN\"},\"url\":\"https:\/\/divadlo.pametnaroda.cz\/en\/author\/tamarapomoriski\/\"}]}<\/script>\n<!-- \/ Yoast SEO plugin. -->","yoast_head_json":{"title":"Nov\u00e1 sez\u00f3na divadeln\u00edch ateli\u00e9r\u016f - Divadlo Pam\u011bti n\u00e1roda","robots":{"index":"index","follow":"follow","max-snippet":"max-snippet:-1","max-image-preview":"max-image-preview:large","max-video-preview":"max-video-preview:-1"},"canonical":"https:\/\/divadlo.pametnaroda.cz\/en\/2025\/08\/nova-sezona-divadelnich-atelier\/","og_locale":"en_GB","og_type":"article","og_title":"Nov\u00e1 sez\u00f3na divadeln\u00edch ateli\u00e9r\u016f - Divadlo Pam\u011bti n\u00e1roda","og_url":"https:\/\/divadlo.pametnaroda.cz\/en\/2025\/08\/nova-sezona-divadelnich-atelier\/","og_site_name":"Divadlo Pam\u011bti n\u00e1roda","article_published_time":"2025-08-27T14:47:04+00:00","article_modified_time":"2025-08-27T15:01:31+00:00","author":"Divadlo PN","twitter_card":"summary_large_image","twitter_misc":{"Written by":"Divadlo PN","Estimated reading time":"6 minutes"},"schema":{"@context":"https:\/\/schema.org","@graph":[{"@type":"WebPage","@id":"https:\/\/divadlo.pametnaroda.cz\/2025\/08\/nova-sezona-divadelnich-atelier\/","url":"https:\/\/divadlo.pametnaroda.cz\/2025\/08\/nova-sezona-divadelnich-atelier\/","name":"Nov\u00e1 sez\u00f3na divadeln\u00edch ateli\u00e9r\u016f - Divadlo Pam\u011bti n\u00e1roda","isPartOf":{"@id":"https:\/\/divadlo.pametnaroda.cz\/#website"},"datePublished":"2025-08-27T14:47:04+00:00","dateModified":"2025-08-27T15:01:31+00:00","author":{"@id":"https:\/\/divadlo.pametnaroda.cz\/#\/schema\/person\/1bd4c1ebef3b90d9cf2eeabf6ed899c2"},"breadcrumb":{"@id":"https:\/\/divadlo.pametnaroda.cz\/2025\/08\/nova-sezona-divadelnich-atelier\/#breadcrumb"},"inLanguage":"en-GB","potentialAction":[{"@type":"ReadAction","target":["https:\/\/divadlo.pametnaroda.cz\/2025\/08\/nova-sezona-divadelnich-atelier\/"]}]},{"@type":"BreadcrumbList","@id":"https:\/\/divadlo.pametnaroda.cz\/2025\/08\/nova-sezona-divadelnich-atelier\/#breadcrumb","itemListElement":[{"@type":"ListItem","position":1,"name":"Dom\u016f","item":"https:\/\/divadlo.pametnaroda.cz\/"},{"@type":"ListItem","position":2,"name":"Nov\u00e1 sez\u00f3na divadeln\u00edch ateli\u00e9r\u016f"}]},{"@type":"WebSite","@id":"https:\/\/divadlo.pametnaroda.cz\/#website","url":"https:\/\/divadlo.pametnaroda.cz\/","name":"Divadlo Pam\u011bti n\u00e1roda","description":"Vypr\u00e1v\u00edme p\u0159\u00edb\u011bhy 20. stolet\u00ed skrze autentick\u00e1 sv\u011bdectv\u00ed Pam\u011bti n\u00e1roda","potentialAction":[{"@type":"SearchAction","target":{"@type":"EntryPoint","urlTemplate":"https:\/\/divadlo.pametnaroda.cz\/?s={search_term_string}"},"query-input":{"@type":"PropertyValueSpecification","valueRequired":true,"valueName":"search_term_string"}}],"inLanguage":"en-GB"},{"@type":"Person","@id":"https:\/\/divadlo.pametnaroda.cz\/#\/schema\/person\/1bd4c1ebef3b90d9cf2eeabf6ed899c2","name":"Divadlo PN","image":{"@type":"ImageObject","inLanguage":"en-GB","@id":"https:\/\/divadlo.pametnaroda.cz\/#\/schema\/person\/image\/","url":"https:\/\/secure.gravatar.com\/avatar\/8c0eabc35d7908c7150a51872520b359?s=96&d=mm&r=g","contentUrl":"https:\/\/secure.gravatar.com\/avatar\/8c0eabc35d7908c7150a51872520b359?s=96&d=mm&r=g","caption":"Divadlo PN"},"url":"https:\/\/divadlo.pametnaroda.cz\/en\/author\/tamarapomoriski\/"}]}},"_links":{"self":[{"href":"https:\/\/divadlo.pametnaroda.cz\/en\/wp-json\/wp\/v2\/posts\/2791","targetHints":{"allow":["GET"]}}],"collection":[{"href":"https:\/\/divadlo.pametnaroda.cz\/en\/wp-json\/wp\/v2\/posts"}],"about":[{"href":"https:\/\/divadlo.pametnaroda.cz\/en\/wp-json\/wp\/v2\/types\/post"}],"author":[{"embeddable":true,"href":"https:\/\/divadlo.pametnaroda.cz\/en\/wp-json\/wp\/v2\/users\/7"}],"replies":[{"embeddable":true,"href":"https:\/\/divadlo.pametnaroda.cz\/en\/wp-json\/wp\/v2\/comments?post=2791"}],"version-history":[{"count":0,"href":"https:\/\/divadlo.pametnaroda.cz\/en\/wp-json\/wp\/v2\/posts\/2791\/revisions"}],"wp:attachment":[{"href":"https:\/\/divadlo.pametnaroda.cz\/en\/wp-json\/wp\/v2\/media?parent=2791"}],"wp:term":[{"taxonomy":"category","embeddable":true,"href":"https:\/\/divadlo.pametnaroda.cz\/en\/wp-json\/wp\/v2\/categories?post=2791"},{"taxonomy":"post_tag","embeddable":true,"href":"https:\/\/divadlo.pametnaroda.cz\/en\/wp-json\/wp\/v2\/tags?post=2791"}],"curies":[{"name":"wp","href":"https:\/\/api.w.org\/{rel}","templated":true}]}}