{"id":2806,"date":"2025-09-18T16:22:32","date_gmt":"2025-09-18T14:22:32","guid":{"rendered":"https:\/\/divadlo.pametnaroda.cz\/?p=2806"},"modified":"2025-09-18T16:22:32","modified_gmt":"2025-09-18T14:22:32","slug":"premiera-dti-diktatur","status":"publish","type":"post","link":"https:\/\/divadlo.pametnaroda.cz\/en\/2025\/09\/premiera-dti-diktatur\/","title":{"rendered":"Premiere: Sons of the Dictatorships"},"content":{"rendered":"<div class=\"fusion-fullwidth fullwidth-box fusion-builder-row-1 fusion-flex-container has-pattern-background has-mask-background nonhundred-percent-fullwidth non-hundred-percent-height-scrolling\" style=\"--awb-border-radius-top-left:0px;--awb-border-radius-top-right:0px;--awb-border-radius-bottom-right:0px;--awb-border-radius-bottom-left:0px;--awb-flex-wrap:wrap;\" ><div class=\"fusion-builder-row fusion-row fusion-flex-align-items-flex-start fusion-flex-content-wrap\" style=\"max-width:1331.2px;margin-left: calc(-4% \/ 2 );margin-right: calc(-4% \/ 2 );\"><div class=\"fusion-layout-column fusion_builder_column fusion-builder-column-0 fusion_builder_column_1_2 1_2 fusion-flex-column\" style=\"--awb-bg-size:cover;--awb-width-large:50%;--awb-margin-top-large:10px;--awb-spacing-right-large:3.84%;--awb-margin-bottom-large:10px;--awb-spacing-left-large:3.84%;--awb-width-medium:100%;--awb-order-medium:0;--awb-spacing-right-medium:1.92%;--awb-spacing-left-medium:1.92%;--awb-width-small:100%;--awb-order-small:0;--awb-spacing-right-small:1.92%;--awb-spacing-left-small:1.92%;\"><div class=\"fusion-column-wrapper fusion-column-has-shadow fusion-flex-justify-content-flex-start fusion-content-layout-column\"><div class=\"fusion-text fusion-text-1\"><p><b>Sons of the Dictatorships \u2013 <\/b><b>Contemporary dance about Latin American dictatorships<\/b><\/p>\n<p><i><span style=\"font-weight: 400\">\"We are poor, not by choice, but because they have stolen everything \u2013 our blood, our breath, our books, our health. Our governments are corrupt, as is our police force, and we are ruled by dictatorships that everyone says have disappeared. We are a people who have been silenced, but with the will to scream and tell our history.\"<\/span><\/i><\/p>\n<p><b>The dance performance Sons of the Dictatorships offers a raw testimony about life under authoritarian regimes in Latin America. It is based on the true stories of people who grew up in an environment of corruption, violence, and fear \u2013 but also of an unbreakable desire for justice. The project is a co-production of the Memory of Nations Theatre and the Embassy of the Republic of Chile. The premiere will take place on October 5, 2025 at 19:30 in Theatre X10, with reprises on October 26 at 19:30 and November 1, 2025 at 17:00 at the same venue. <\/b><\/p>\n<p><span style=\"font-weight: 400\">The authors of the project are dancers and choreographers Lukas Lizama and Barb\u00e1ra Hern\u00e1ndez, who explore the theme of resistance against oppression through the power of the body and movement. The young generation of artists has processed the tragic events that society has gone through in many Latin American countries. Their dance is dedicated to corporate bosses, corrupt politicians, and murderers in suits \u2013 those who watch in silence while others suffer. The work-in-progress version of the production was successfully staged in several cities in Italy in 2022, and now a full production version has been created in co-production with the Memory of Nations Theatre.<\/span><\/p>\n<p><span style=\"font-weight: 400\">Although rooted in the Latin American context, the message of the performance is universal and powerfully echoes the experience of Central Europe. Sons of the Dictatorships remind us that authoritarianism has not disappeared \u2013 it has merely changed its face.<\/span><\/p>\n<p><span style=\"font-weight: 400\">The project was created thanks to the financial support of the Ministry of Foreign Affairs of the Republic of Chile through the Program for Cultural Activities Abroad (PACE) 2025, of the Direction of Cultures, Arts, Patrimony and Public Diplomacy (DIRAC), from the State Cultural Fund and the Ministry of Culture of the Czech Republic. Thank you to Moneyshot for their technical support.<\/span><a href=\"https:\/\/divadlo.pametnaroda.cz\/media\/sites\/3\/2025\/09\/Logo_Moneyshot_black.png\"><img decoding=\"async\" class=\"lazyload wp-image-2814 alignright\" src=\"https:\/\/divadlo.pametnaroda.cz\/media\/sites\/3\/2025\/09\/Logo_Moneyshot_black.png\" data-orig-src=\"https:\/\/divadlo.pametnaroda.cz\/media\/sites\/3\/2025\/09\/Logo_Moneyshot_black.png\" alt=\"\" width=\"168\" height=\"48\" srcset=\"data:image\/svg+xml,%3Csvg%20xmlns%3D%27http%3A%2F%2Fwww.w3.org%2F2000%2Fsvg%27%20width%3D%27168%27%20height%3D%2748%27%20viewBox%3D%270%200%20168%2048%27%3E%3Crect%20width%3D%27168%27%20height%3D%2748%27%20fill-opacity%3D%220%22%2F%3E%3C%2Fsvg%3E\" data-srcset=\"https:\/\/divadlo.pametnaroda.cz\/media\/sites\/3\/2025\/09\/Logo_Moneyshot_black-18x5.png 18w, https:\/\/divadlo.pametnaroda.cz\/media\/sites\/3\/2025\/09\/Logo_Moneyshot_black-200x57.png 200w, https:\/\/divadlo.pametnaroda.cz\/media\/sites\/3\/2025\/09\/Logo_Moneyshot_black-300x86.png 300w, https:\/\/divadlo.pametnaroda.cz\/media\/sites\/3\/2025\/09\/Logo_Moneyshot_black-350x100.png 350w, https:\/\/divadlo.pametnaroda.cz\/media\/sites\/3\/2025\/09\/Logo_Moneyshot_black-400x115.png 400w, https:\/\/divadlo.pametnaroda.cz\/media\/sites\/3\/2025\/09\/Logo_Moneyshot_black-600x172.png 600w, https:\/\/divadlo.pametnaroda.cz\/media\/sites\/3\/2025\/09\/Logo_Moneyshot_black-768x220.png 768w, https:\/\/divadlo.pametnaroda.cz\/media\/sites\/3\/2025\/09\/Logo_Moneyshot_black-800x229.png 800w, https:\/\/divadlo.pametnaroda.cz\/media\/sites\/3\/2025\/09\/Logo_Moneyshot_black-1024x293.png 1024w, https:\/\/divadlo.pametnaroda.cz\/media\/sites\/3\/2025\/09\/Logo_Moneyshot_black-1200x344.png 1200w, https:\/\/divadlo.pametnaroda.cz\/media\/sites\/3\/2025\/09\/Logo_Moneyshot_black-1536x440.png 1536w, https:\/\/divadlo.pametnaroda.cz\/media\/sites\/3\/2025\/09\/Logo_Moneyshot_black.png 1547w\" data-sizes=\"auto\" data-orig-sizes=\"(max-width: 168px) 100vw, 168px\" \/><\/a><\/p>\n<\/div><\/div><\/div><div class=\"fusion-layout-column fusion_builder_column fusion-builder-column-1 fusion_builder_column_1_2 1_2 fusion-flex-column\" style=\"--awb-bg-size:cover;--awb-width-large:50%;--awb-margin-top-large:10px;--awb-spacing-right-large:3.84%;--awb-margin-bottom-large:10px;--awb-spacing-left-large:3.84%;--awb-width-medium:100%;--awb-order-medium:0;--awb-spacing-right-medium:1.92%;--awb-spacing-left-medium:1.92%;--awb-width-small:100%;--awb-order-small:0;--awb-spacing-right-small:1.92%;--awb-spacing-left-small:1.92%;\"><div class=\"fusion-column-wrapper fusion-column-has-shadow fusion-flex-justify-content-flex-start fusion-content-layout-column\"><div class=\"fusion-slider-sc\"><div class=\"fusion-flexslider-loading flexslider flexslider-hover-type-none\" data-slideshow_autoplay=\"1\" data-slideshow_smooth_height=\"0\" data-slideshow_speed=\"7000\" style=\"max-width:100%;height:100%;\"><ul class=\"slides\"><li class=\"image\"><span class=\"lazyload fusion-image-hover-element hover-type-none\"><img decoding=\"async\" src=\"https:\/\/divadlo.pametnaroda.cz\/media\/sites\/3\/2025\/09\/deti-diktatur-email-jpeg.jpg\" data-orig-src=\"https:\/\/divadlo.pametnaroda.cz\/media\/sites\/3\/2025\/09\/deti-diktatur-email-jpeg.jpg\" width=\"1240\" height=\"1754\" class=\"lazyload wp-image-2813\" srcset=\"data:image\/svg+xml,%3Csvg%20xmlns%3D%27http%3A%2F%2Fwww.w3.org%2F2000%2Fsvg%27%20width%3D%271240%27%20height%3D%271754%27%20viewBox%3D%270%200%201240%201754%27%3E%3Crect%20width%3D%271240%27%20height%3D%271754%27%20fill-opacity%3D%220%22%2F%3E%3C%2Fsvg%3E\" data-srcset=\"https:\/\/divadlo.pametnaroda.cz\/media\/sites\/3\/2025\/09\/deti-diktatur-email-jpeg-200x283.jpg 200w, https:\/\/divadlo.pametnaroda.cz\/media\/sites\/3\/2025\/09\/deti-diktatur-email-jpeg-400x566.jpg 400w, https:\/\/divadlo.pametnaroda.cz\/media\/sites\/3\/2025\/09\/deti-diktatur-email-jpeg-600x849.jpg 600w, https:\/\/divadlo.pametnaroda.cz\/media\/sites\/3\/2025\/09\/deti-diktatur-email-jpeg-800x1132.jpg 800w, https:\/\/divadlo.pametnaroda.cz\/media\/sites\/3\/2025\/09\/deti-diktatur-email-jpeg-1200x1697.jpg 1200w, https:\/\/divadlo.pametnaroda.cz\/media\/sites\/3\/2025\/09\/deti-diktatur-email-jpeg.jpg 1240w\" data-sizes=\"auto\" data-orig-sizes=\"(max-width: 1024px) 100vw, (max-width: 640px) 100vw, 800px\" \/><\/span><\/li><li class=\"image\"><span class=\"lazyload fusion-image-hover-element hover-type-none\"><img decoding=\"async\" src=\"https:\/\/divadlo.pametnaroda.cz\/media\/sites\/3\/2025\/09\/02_deti-diktatur-0013-scaled.jpg\" data-orig-src=\"https:\/\/divadlo.pametnaroda.cz\/media\/sites\/3\/2025\/09\/02_deti-diktatur-0013-scaled.jpg\" width=\"1706\" height=\"2560\" class=\"lazyload wp-image-2811\" srcset=\"data:image\/svg+xml,%3Csvg%20xmlns%3D%27http%3A%2F%2Fwww.w3.org%2F2000%2Fsvg%27%20width%3D%271706%27%20height%3D%272560%27%20viewBox%3D%270%200%201706%202560%27%3E%3Crect%20width%3D%271706%27%20height%3D%272560%27%20fill-opacity%3D%220%22%2F%3E%3C%2Fsvg%3E\" data-srcset=\"https:\/\/divadlo.pametnaroda.cz\/media\/sites\/3\/2025\/09\/02_deti-diktatur-0013-200x300.jpg 200w, https:\/\/divadlo.pametnaroda.cz\/media\/sites\/3\/2025\/09\/02_deti-diktatur-0013-400x600.jpg 400w, https:\/\/divadlo.pametnaroda.cz\/media\/sites\/3\/2025\/09\/02_deti-diktatur-0013-600x900.jpg 600w, https:\/\/divadlo.pametnaroda.cz\/media\/sites\/3\/2025\/09\/02_deti-diktatur-0013-800x1200.jpg 800w, https:\/\/divadlo.pametnaroda.cz\/media\/sites\/3\/2025\/09\/02_deti-diktatur-0013-1200x1800.jpg 1200w, https:\/\/divadlo.pametnaroda.cz\/media\/sites\/3\/2025\/09\/02_deti-diktatur-0013-scaled.jpg 1706w\" data-sizes=\"auto\" data-orig-sizes=\"(max-width: 1024px) 100vw, (max-width: 640px) 100vw, 800px\" \/><\/span><\/li><li class=\"image\"><span class=\"lazyload fusion-image-hover-element hover-type-none\"><img decoding=\"async\" src=\"https:\/\/divadlo.pametnaroda.cz\/media\/sites\/3\/2025\/09\/03_deti-diktatur-0032-scaled.jpg\" data-orig-src=\"https:\/\/divadlo.pametnaroda.cz\/media\/sites\/3\/2025\/09\/03_deti-diktatur-0032-scaled.jpg\" width=\"1706\" height=\"2560\" class=\"lazyload wp-image-2810\" srcset=\"data:image\/svg+xml,%3Csvg%20xmlns%3D%27http%3A%2F%2Fwww.w3.org%2F2000%2Fsvg%27%20width%3D%271706%27%20height%3D%272560%27%20viewBox%3D%270%200%201706%202560%27%3E%3Crect%20width%3D%271706%27%20height%3D%272560%27%20fill-opacity%3D%220%22%2F%3E%3C%2Fsvg%3E\" data-srcset=\"https:\/\/divadlo.pametnaroda.cz\/media\/sites\/3\/2025\/09\/03_deti-diktatur-0032-200x300.jpg 200w, https:\/\/divadlo.pametnaroda.cz\/media\/sites\/3\/2025\/09\/03_deti-diktatur-0032-400x600.jpg 400w, https:\/\/divadlo.pametnaroda.cz\/media\/sites\/3\/2025\/09\/03_deti-diktatur-0032-600x900.jpg 600w, https:\/\/divadlo.pametnaroda.cz\/media\/sites\/3\/2025\/09\/03_deti-diktatur-0032-800x1200.jpg 800w, https:\/\/divadlo.pametnaroda.cz\/media\/sites\/3\/2025\/09\/03_deti-diktatur-0032-1200x1800.jpg 1200w, https:\/\/divadlo.pametnaroda.cz\/media\/sites\/3\/2025\/09\/03_deti-diktatur-0032-scaled.jpg 1706w\" data-sizes=\"auto\" data-orig-sizes=\"(max-width: 1024px) 100vw, (max-width: 640px) 100vw, 800px\" \/><\/span><\/li><li class=\"image\"><span class=\"lazyload fusion-image-hover-element hover-type-none\"><img decoding=\"async\" src=\"https:\/\/divadlo.pametnaroda.cz\/media\/sites\/3\/2025\/09\/04_deti-diktatur-0035-scaled.jpg\" data-orig-src=\"https:\/\/divadlo.pametnaroda.cz\/media\/sites\/3\/2025\/09\/04_deti-diktatur-0035-scaled.jpg\" width=\"1706\" height=\"2560\" class=\"lazyload wp-image-2809\" srcset=\"data:image\/svg+xml,%3Csvg%20xmlns%3D%27http%3A%2F%2Fwww.w3.org%2F2000%2Fsvg%27%20width%3D%271706%27%20height%3D%272560%27%20viewBox%3D%270%200%201706%202560%27%3E%3Crect%20width%3D%271706%27%20height%3D%272560%27%20fill-opacity%3D%220%22%2F%3E%3C%2Fsvg%3E\" data-srcset=\"https:\/\/divadlo.pametnaroda.cz\/media\/sites\/3\/2025\/09\/04_deti-diktatur-0035-200x300.jpg 200w, https:\/\/divadlo.pametnaroda.cz\/media\/sites\/3\/2025\/09\/04_deti-diktatur-0035-400x600.jpg 400w, https:\/\/divadlo.pametnaroda.cz\/media\/sites\/3\/2025\/09\/04_deti-diktatur-0035-600x900.jpg 600w, https:\/\/divadlo.pametnaroda.cz\/media\/sites\/3\/2025\/09\/04_deti-diktatur-0035-800x1200.jpg 800w, https:\/\/divadlo.pametnaroda.cz\/media\/sites\/3\/2025\/09\/04_deti-diktatur-0035-1200x1800.jpg 1200w, https:\/\/divadlo.pametnaroda.cz\/media\/sites\/3\/2025\/09\/04_deti-diktatur-0035-scaled.jpg 1706w\" data-sizes=\"auto\" data-orig-sizes=\"(max-width: 1024px) 100vw, (max-width: 640px) 100vw, 800px\" \/><\/span><\/li><li class=\"image\"><span class=\"lazyload fusion-image-hover-element hover-type-none\"><img decoding=\"async\" src=\"https:\/\/divadlo.pametnaroda.cz\/media\/sites\/3\/2025\/09\/05_deti-diktatur-9890-scaled.jpg\" data-orig-src=\"https:\/\/divadlo.pametnaroda.cz\/media\/sites\/3\/2025\/09\/05_deti-diktatur-9890-scaled.jpg\" width=\"1706\" height=\"2560\" class=\"lazyload wp-image-2808\" srcset=\"data:image\/svg+xml,%3Csvg%20xmlns%3D%27http%3A%2F%2Fwww.w3.org%2F2000%2Fsvg%27%20width%3D%271706%27%20height%3D%272560%27%20viewBox%3D%270%200%201706%202560%27%3E%3Crect%20width%3D%271706%27%20height%3D%272560%27%20fill-opacity%3D%220%22%2F%3E%3C%2Fsvg%3E\" data-srcset=\"https:\/\/divadlo.pametnaroda.cz\/media\/sites\/3\/2025\/09\/05_deti-diktatur-9890-200x300.jpg 200w, https:\/\/divadlo.pametnaroda.cz\/media\/sites\/3\/2025\/09\/05_deti-diktatur-9890-400x600.jpg 400w, https:\/\/divadlo.pametnaroda.cz\/media\/sites\/3\/2025\/09\/05_deti-diktatur-9890-600x900.jpg 600w, https:\/\/divadlo.pametnaroda.cz\/media\/sites\/3\/2025\/09\/05_deti-diktatur-9890-800x1200.jpg 800w, https:\/\/divadlo.pametnaroda.cz\/media\/sites\/3\/2025\/09\/05_deti-diktatur-9890-1200x1800.jpg 1200w, https:\/\/divadlo.pametnaroda.cz\/media\/sites\/3\/2025\/09\/05_deti-diktatur-9890-scaled.jpg 1706w\" data-sizes=\"auto\" data-orig-sizes=\"(max-width: 1024px) 100vw, (max-width: 640px) 100vw, 800px\" \/><\/span><\/li><li class=\"image\"><span class=\"lazyload fusion-image-hover-element hover-type-none\"><img decoding=\"async\" src=\"https:\/\/divadlo.pametnaroda.cz\/media\/sites\/3\/2025\/09\/06_deti-diktatur-9895-scaled.jpg\" data-orig-src=\"https:\/\/divadlo.pametnaroda.cz\/media\/sites\/3\/2025\/09\/06_deti-diktatur-9895-scaled.jpg\" width=\"1706\" height=\"2560\" class=\"lazyload wp-image-2807\" srcset=\"data:image\/svg+xml,%3Csvg%20xmlns%3D%27http%3A%2F%2Fwww.w3.org%2F2000%2Fsvg%27%20width%3D%271706%27%20height%3D%272560%27%20viewBox%3D%270%200%201706%202560%27%3E%3Crect%20width%3D%271706%27%20height%3D%272560%27%20fill-opacity%3D%220%22%2F%3E%3C%2Fsvg%3E\" data-srcset=\"https:\/\/divadlo.pametnaroda.cz\/media\/sites\/3\/2025\/09\/06_deti-diktatur-9895-200x300.jpg 200w, https:\/\/divadlo.pametnaroda.cz\/media\/sites\/3\/2025\/09\/06_deti-diktatur-9895-400x600.jpg 400w, https:\/\/divadlo.pametnaroda.cz\/media\/sites\/3\/2025\/09\/06_deti-diktatur-9895-600x900.jpg 600w, https:\/\/divadlo.pametnaroda.cz\/media\/sites\/3\/2025\/09\/06_deti-diktatur-9895-800x1200.jpg 800w, https:\/\/divadlo.pametnaroda.cz\/media\/sites\/3\/2025\/09\/06_deti-diktatur-9895-1200x1800.jpg 1200w, https:\/\/divadlo.pametnaroda.cz\/media\/sites\/3\/2025\/09\/06_deti-diktatur-9895-scaled.jpg 1706w\" data-sizes=\"auto\" data-orig-sizes=\"(max-width: 1024px) 100vw, (max-width: 640px) 100vw, 800px\" \/><\/span><\/li><\/ul><\/div><\/div><\/div><\/div><\/div><\/div>","protected":false},"excerpt":{"rendered":"","protected":false},"author":7,"featured_media":0,"comment_status":"closed","ping_status":"closed","sticky":false,"template":"","format":"standard","meta":{"footnotes":""},"categories":[75],"tags":[],"class_list":["post-2806","post","type-post","status-publish","format-standard","hentry","category-aktuality"],"yoast_head":"<!-- This site is optimized with the Yoast SEO plugin v24.5 - https:\/\/yoast.com\/wordpress\/plugins\/seo\/ -->\n<title>Premi\u00e9ra D\u011bti diktatur - Divadlo Pam\u011bti n\u00e1roda<\/title>\n<meta name=\"robots\" content=\"index, follow, max-snippet:-1, max-image-preview:large, max-video-preview:-1\" \/>\n<link rel=\"canonical\" href=\"https:\/\/divadlo.pametnaroda.cz\/en\/2025\/09\/premiera-dti-diktatur\/\" \/>\n<meta property=\"og:locale\" content=\"en_GB\" \/>\n<meta property=\"og:type\" content=\"article\" \/>\n<meta property=\"og:title\" content=\"Premi\u00e9ra D\u011bti diktatur - Divadlo Pam\u011bti n\u00e1roda\" \/>\n<meta property=\"og:url\" content=\"https:\/\/divadlo.pametnaroda.cz\/en\/2025\/09\/premiera-dti-diktatur\/\" \/>\n<meta property=\"og:site_name\" content=\"Divadlo Pam\u011bti n\u00e1roda\" \/>\n<meta property=\"article:published_time\" content=\"2025-09-18T14:22:32+00:00\" \/>\n<meta property=\"og:image\" content=\"https:\/\/divadlo.pametnaroda.cz\/media\/sites\/3\/2025\/09\/Logo_Moneyshot_black.png\" \/>\n\t<meta property=\"og:image:width\" content=\"1547\" \/>\n\t<meta property=\"og:image:height\" content=\"443\" \/>\n\t<meta property=\"og:image:type\" content=\"image\/png\" \/>\n<meta name=\"author\" content=\"Divadlo PN\" \/>\n<meta name=\"twitter:card\" content=\"summary_large_image\" \/>\n<meta name=\"twitter:label1\" content=\"Written by\" \/>\n\t<meta name=\"twitter:data1\" content=\"Divadlo PN\" \/>\n\t<meta name=\"twitter:label2\" content=\"Estimated reading time\" \/>\n\t<meta name=\"twitter:data2\" content=\"6 minutes\" \/>\n<script type=\"application\/ld+json\" class=\"yoast-schema-graph\">{\"@context\":\"https:\/\/schema.org\",\"@graph\":[{\"@type\":\"WebPage\",\"@id\":\"https:\/\/divadlo.pametnaroda.cz\/2025\/09\/premiera-dti-diktatur\/\",\"url\":\"https:\/\/divadlo.pametnaroda.cz\/2025\/09\/premiera-dti-diktatur\/\",\"name\":\"Premi\u00e9ra D\u011bti diktatur - Divadlo Pam\u011bti n\u00e1roda\",\"isPartOf\":{\"@id\":\"https:\/\/divadlo.pametnaroda.cz\/#website\"},\"primaryImageOfPage\":{\"@id\":\"https:\/\/divadlo.pametnaroda.cz\/2025\/09\/premiera-dti-diktatur\/#primaryimage\"},\"image\":{\"@id\":\"https:\/\/divadlo.pametnaroda.cz\/2025\/09\/premiera-dti-diktatur\/#primaryimage\"},\"thumbnailUrl\":\"https:\/\/divadlo.pametnaroda.cz\/media\/sites\/3\/2025\/09\/Logo_Moneyshot_black.png\",\"datePublished\":\"2025-09-18T14:22:32+00:00\",\"author\":{\"@id\":\"https:\/\/divadlo.pametnaroda.cz\/#\/schema\/person\/1bd4c1ebef3b90d9cf2eeabf6ed899c2\"},\"breadcrumb\":{\"@id\":\"https:\/\/divadlo.pametnaroda.cz\/2025\/09\/premiera-dti-diktatur\/#breadcrumb\"},\"inLanguage\":\"en-GB\",\"potentialAction\":[{\"@type\":\"ReadAction\",\"target\":[\"https:\/\/divadlo.pametnaroda.cz\/2025\/09\/premiera-dti-diktatur\/\"]}]},{\"@type\":\"ImageObject\",\"inLanguage\":\"en-GB\",\"@id\":\"https:\/\/divadlo.pametnaroda.cz\/2025\/09\/premiera-dti-diktatur\/#primaryimage\",\"url\":\"https:\/\/divadlo.pametnaroda.cz\/media\/sites\/3\/2025\/09\/Logo_Moneyshot_black.png\",\"contentUrl\":\"https:\/\/divadlo.pametnaroda.cz\/media\/sites\/3\/2025\/09\/Logo_Moneyshot_black.png\"},{\"@type\":\"BreadcrumbList\",\"@id\":\"https:\/\/divadlo.pametnaroda.cz\/2025\/09\/premiera-dti-diktatur\/#breadcrumb\",\"itemListElement\":[{\"@type\":\"ListItem\",\"position\":1,\"name\":\"Dom\u016f\",\"item\":\"https:\/\/divadlo.pametnaroda.cz\/\"},{\"@type\":\"ListItem\",\"position\":2,\"name\":\"Premi\u00e9ra D\u011bti diktatur\"}]},{\"@type\":\"WebSite\",\"@id\":\"https:\/\/divadlo.pametnaroda.cz\/#website\",\"url\":\"https:\/\/divadlo.pametnaroda.cz\/\",\"name\":\"Divadlo Pam\u011bti n\u00e1roda\",\"description\":\"Vypr\u00e1v\u00edme p\u0159\u00edb\u011bhy 20. stolet\u00ed skrze autentick\u00e1 sv\u011bdectv\u00ed Pam\u011bti n\u00e1roda\",\"potentialAction\":[{\"@type\":\"SearchAction\",\"target\":{\"@type\":\"EntryPoint\",\"urlTemplate\":\"https:\/\/divadlo.pametnaroda.cz\/?s={search_term_string}\"},\"query-input\":{\"@type\":\"PropertyValueSpecification\",\"valueRequired\":true,\"valueName\":\"search_term_string\"}}],\"inLanguage\":\"en-GB\"},{\"@type\":\"Person\",\"@id\":\"https:\/\/divadlo.pametnaroda.cz\/#\/schema\/person\/1bd4c1ebef3b90d9cf2eeabf6ed899c2\",\"name\":\"Divadlo PN\",\"image\":{\"@type\":\"ImageObject\",\"inLanguage\":\"en-GB\",\"@id\":\"https:\/\/divadlo.pametnaroda.cz\/#\/schema\/person\/image\/\",\"url\":\"https:\/\/secure.gravatar.com\/avatar\/8c0eabc35d7908c7150a51872520b359?s=96&d=mm&r=g\",\"contentUrl\":\"https:\/\/secure.gravatar.com\/avatar\/8c0eabc35d7908c7150a51872520b359?s=96&d=mm&r=g\",\"caption\":\"Divadlo PN\"},\"url\":\"https:\/\/divadlo.pametnaroda.cz\/en\/author\/tamarapomoriski\/\"}]}<\/script>\n<!-- \/ Yoast SEO plugin. -->","yoast_head_json":{"title":"Premi\u00e9ra D\u011bti diktatur - Divadlo Pam\u011bti n\u00e1roda","robots":{"index":"index","follow":"follow","max-snippet":"max-snippet:-1","max-image-preview":"max-image-preview:large","max-video-preview":"max-video-preview:-1"},"canonical":"https:\/\/divadlo.pametnaroda.cz\/en\/2025\/09\/premiera-dti-diktatur\/","og_locale":"en_GB","og_type":"article","og_title":"Premi\u00e9ra D\u011bti diktatur - Divadlo Pam\u011bti n\u00e1roda","og_url":"https:\/\/divadlo.pametnaroda.cz\/en\/2025\/09\/premiera-dti-diktatur\/","og_site_name":"Divadlo Pam\u011bti n\u00e1roda","article_published_time":"2025-09-18T14:22:32+00:00","og_image":[{"width":1547,"height":443,"url":"https:\/\/divadlo.pametnaroda.cz\/media\/sites\/3\/2025\/09\/Logo_Moneyshot_black.png","type":"image\/png"}],"author":"Divadlo PN","twitter_card":"summary_large_image","twitter_misc":{"Written by":"Divadlo PN","Estimated reading time":"6 minutes"},"schema":{"@context":"https:\/\/schema.org","@graph":[{"@type":"WebPage","@id":"https:\/\/divadlo.pametnaroda.cz\/2025\/09\/premiera-dti-diktatur\/","url":"https:\/\/divadlo.pametnaroda.cz\/2025\/09\/premiera-dti-diktatur\/","name":"Premi\u00e9ra D\u011bti diktatur - Divadlo Pam\u011bti n\u00e1roda","isPartOf":{"@id":"https:\/\/divadlo.pametnaroda.cz\/#website"},"primaryImageOfPage":{"@id":"https:\/\/divadlo.pametnaroda.cz\/2025\/09\/premiera-dti-diktatur\/#primaryimage"},"image":{"@id":"https:\/\/divadlo.pametnaroda.cz\/2025\/09\/premiera-dti-diktatur\/#primaryimage"},"thumbnailUrl":"https:\/\/divadlo.pametnaroda.cz\/media\/sites\/3\/2025\/09\/Logo_Moneyshot_black.png","datePublished":"2025-09-18T14:22:32+00:00","author":{"@id":"https:\/\/divadlo.pametnaroda.cz\/#\/schema\/person\/1bd4c1ebef3b90d9cf2eeabf6ed899c2"},"breadcrumb":{"@id":"https:\/\/divadlo.pametnaroda.cz\/2025\/09\/premiera-dti-diktatur\/#breadcrumb"},"inLanguage":"en-GB","potentialAction":[{"@type":"ReadAction","target":["https:\/\/divadlo.pametnaroda.cz\/2025\/09\/premiera-dti-diktatur\/"]}]},{"@type":"ImageObject","inLanguage":"en-GB","@id":"https:\/\/divadlo.pametnaroda.cz\/2025\/09\/premiera-dti-diktatur\/#primaryimage","url":"https:\/\/divadlo.pametnaroda.cz\/media\/sites\/3\/2025\/09\/Logo_Moneyshot_black.png","contentUrl":"https:\/\/divadlo.pametnaroda.cz\/media\/sites\/3\/2025\/09\/Logo_Moneyshot_black.png"},{"@type":"BreadcrumbList","@id":"https:\/\/divadlo.pametnaroda.cz\/2025\/09\/premiera-dti-diktatur\/#breadcrumb","itemListElement":[{"@type":"ListItem","position":1,"name":"Dom\u016f","item":"https:\/\/divadlo.pametnaroda.cz\/"},{"@type":"ListItem","position":2,"name":"Premi\u00e9ra D\u011bti diktatur"}]},{"@type":"WebSite","@id":"https:\/\/divadlo.pametnaroda.cz\/#website","url":"https:\/\/divadlo.pametnaroda.cz\/","name":"Divadlo Pam\u011bti n\u00e1roda","description":"Vypr\u00e1v\u00edme p\u0159\u00edb\u011bhy 20. stolet\u00ed skrze autentick\u00e1 sv\u011bdectv\u00ed Pam\u011bti n\u00e1roda","potentialAction":[{"@type":"SearchAction","target":{"@type":"EntryPoint","urlTemplate":"https:\/\/divadlo.pametnaroda.cz\/?s={search_term_string}"},"query-input":{"@type":"PropertyValueSpecification","valueRequired":true,"valueName":"search_term_string"}}],"inLanguage":"en-GB"},{"@type":"Person","@id":"https:\/\/divadlo.pametnaroda.cz\/#\/schema\/person\/1bd4c1ebef3b90d9cf2eeabf6ed899c2","name":"Divadlo PN","image":{"@type":"ImageObject","inLanguage":"en-GB","@id":"https:\/\/divadlo.pametnaroda.cz\/#\/schema\/person\/image\/","url":"https:\/\/secure.gravatar.com\/avatar\/8c0eabc35d7908c7150a51872520b359?s=96&d=mm&r=g","contentUrl":"https:\/\/secure.gravatar.com\/avatar\/8c0eabc35d7908c7150a51872520b359?s=96&d=mm&r=g","caption":"Divadlo PN"},"url":"https:\/\/divadlo.pametnaroda.cz\/en\/author\/tamarapomoriski\/"}]}},"_links":{"self":[{"href":"https:\/\/divadlo.pametnaroda.cz\/en\/wp-json\/wp\/v2\/posts\/2806","targetHints":{"allow":["GET"]}}],"collection":[{"href":"https:\/\/divadlo.pametnaroda.cz\/en\/wp-json\/wp\/v2\/posts"}],"about":[{"href":"https:\/\/divadlo.pametnaroda.cz\/en\/wp-json\/wp\/v2\/types\/post"}],"author":[{"embeddable":true,"href":"https:\/\/divadlo.pametnaroda.cz\/en\/wp-json\/wp\/v2\/users\/7"}],"replies":[{"embeddable":true,"href":"https:\/\/divadlo.pametnaroda.cz\/en\/wp-json\/wp\/v2\/comments?post=2806"}],"version-history":[{"count":0,"href":"https:\/\/divadlo.pametnaroda.cz\/en\/wp-json\/wp\/v2\/posts\/2806\/revisions"}],"wp:attachment":[{"href":"https:\/\/divadlo.pametnaroda.cz\/en\/wp-json\/wp\/v2\/media?parent=2806"}],"wp:term":[{"taxonomy":"category","embeddable":true,"href":"https:\/\/divadlo.pametnaroda.cz\/en\/wp-json\/wp\/v2\/categories?post=2806"},{"taxonomy":"post_tag","embeddable":true,"href":"https:\/\/divadlo.pametnaroda.cz\/en\/wp-json\/wp\/v2\/tags?post=2806"}],"curies":[{"name":"wp","href":"https:\/\/api.w.org\/{rel}","templated":true}]}}