{"id":2868,"date":"2026-09-01T14:51:59","date_gmt":"2026-09-01T12:51:59","guid":{"rendered":"https:\/\/divadlo.pametnaroda.cz\/?p=2868"},"modified":"2026-09-01T15:05:48","modified_gmt":"2026-09-01T13:05:48","slug":"ateliery-divadla-pameti-naroda-prihlasky-na-skolni-rok-2026-27","status":"publish","type":"post","link":"https:\/\/divadlo.pametnaroda.cz\/en\/2026\/09\/ateliery-divadla-pameti-naroda-prihlasky-na-skolni-rok-2026-27\/","title":{"rendered":"Memory of Nations Theatre Studios \u2013 Applications for the 2026\u201327 School Year"},"content":{"rendered":"<div class=\"fusion-fullwidth fullwidth-box fusion-builder-row-1 fusion-flex-container nonhundred-percent-fullwidth non-hundred-percent-height-scrolling\" style=\"--awb-border-radius-top-left:0px;--awb-border-radius-top-right:0px;--awb-border-radius-bottom-right:0px;--awb-border-radius-bottom-left:0px;--awb-flex-wrap:wrap;\" ><div class=\"fusion-builder-row fusion-row fusion-flex-align-items-flex-start fusion-flex-content-wrap\" style=\"max-width:1331.2px;margin-left: calc(-4% \/ 2 );margin-right: calc(-4% \/ 2 );\"><div class=\"fusion-layout-column fusion_builder_column fusion-builder-column-0 fusion_builder_column_1_2 1_2 fusion-flex-column\" style=\"--awb-bg-size:cover;--awb-width-large:50%;--awb-margin-top-large:0px;--awb-spacing-right-large:3.84%;--awb-margin-bottom-large:0px;--awb-spacing-left-large:3.84%;--awb-width-medium:100%;--awb-spacing-right-medium:1.92%;--awb-spacing-left-medium:1.92%;--awb-width-small:100%;--awb-spacing-right-small:1.92%;--awb-spacing-left-small:1.92%;\"><div class=\"fusion-column-wrapper fusion-flex-justify-content-flex-start fusion-content-layout-column\"><div class=\"fusion-text fusion-text-1\"><div class=\"content-perex\">\n<p><strong>Theater lovers and history enthusiasts, attention please \u2013 the Studios are continuing next year! We\u2019re opening new groups in Prague, Brno, Liberec, and Hradec Kr\u00e1lov\u00e9.<\/strong><\/p>\n<\/div>\n<p>The Memory of Nations Theatre Studios are extracurricular theatre clubs for children, teenagers, and adults. Inspired by stories from the 20th century, participants write, rehearse, and perform plays based on these stories. <span>The Memory of Nations Theatre program is primarily intended for young people ages 12 to 26, but we are also happy to welcome elementary school theatre kids ages 7 to 12 in Prague.<\/span><\/p>\n<p>The sessions take place in the afternoon once a week for 90 or 120 minutes, starting in mid-September and continuing throughout the school year (excluding national holidays and school breaks), led by experienced theatre lecturers. Meet inspiring people and join us in theatres or community centers.<\/p>\n<p>You can find information about locations, dates, and the application form for the Studios for the 2026\u201327 school year at divadlo.pametnaroda.cz\/en\/divadelni-ateliery\/.<\/p>\n<\/div><\/div><\/div><div class=\"fusion-layout-column fusion_builder_column fusion-builder-column-1 fusion_builder_column_1_2 1_2 fusion-flex-column\" style=\"--awb-bg-size:cover;--awb-width-large:50%;--awb-margin-top-large:10px;--awb-spacing-right-large:3.84%;--awb-margin-bottom-large:10px;--awb-spacing-left-large:3.84%;--awb-width-medium:100%;--awb-order-medium:0;--awb-spacing-right-medium:1.92%;--awb-spacing-left-medium:1.92%;--awb-width-small:100%;--awb-order-small:0;--awb-spacing-right-small:1.92%;--awb-spacing-left-small:1.92%;\"><div class=\"fusion-column-wrapper fusion-column-has-shadow fusion-flex-justify-content-flex-start fusion-content-layout-column\"><div class=\"fusion-image-element\" style=\"--awb-caption-title-font-family:var(--h2_typography-font-family);--awb-caption-title-font-weight:var(--h2_typography-font-weight);--awb-caption-title-font-style:var(--h2_typography-font-style);--awb-caption-title-size:var(--h2_typography-font-size);--awb-caption-title-transform:var(--h2_typography-text-transform);--awb-caption-title-line-height:var(--h2_typography-line-height);--awb-caption-title-letter-spacing:var(--h2_typography-letter-spacing);\"><span class=\"fusion-imageframe imageframe-none imageframe-1 hover-type-none\"><img decoding=\"async\" width=\"1201\" height=\"679\" title=\"DPN_DA_podpis\" src=\"https:\/\/divadlo.pametnaroda.cz\/media\/sites\/3\/2026\/09\/DPN_DA_podpis.png\" data-orig-src=\"https:\/\/divadlo.pametnaroda.cz\/media\/sites\/3\/2026\/09\/DPN_DA_podpis.png\" alt class=\"lazyload img-responsive wp-image-2870\" srcset=\"data:image\/svg+xml,%3Csvg%20xmlns%3D%27http%3A%2F%2Fwww.w3.org%2F2000%2Fsvg%27%20width%3D%271201%27%20height%3D%27679%27%20viewBox%3D%270%200%201201%20679%27%3E%3Crect%20width%3D%271201%27%20height%3D%27679%27%20fill-opacity%3D%220%22%2F%3E%3C%2Fsvg%3E\" data-srcset=\"https:\/\/divadlo.pametnaroda.cz\/media\/sites\/3\/2026\/09\/DPN_DA_podpis-200x113.png 200w, https:\/\/divadlo.pametnaroda.cz\/media\/sites\/3\/2026\/09\/DPN_DA_podpis-400x226.png 400w, https:\/\/divadlo.pametnaroda.cz\/media\/sites\/3\/2026\/09\/DPN_DA_podpis-600x339.png 600w, https:\/\/divadlo.pametnaroda.cz\/media\/sites\/3\/2026\/09\/DPN_DA_podpis-800x452.png 800w, https:\/\/divadlo.pametnaroda.cz\/media\/sites\/3\/2026\/09\/DPN_DA_podpis.png 1201w\" data-sizes=\"auto\" data-orig-sizes=\"(max-width: 1024px) 100vw, (max-width: 640px) 100vw, 800px\" \/><\/span><\/div><\/div><\/div><\/div><\/div>","protected":false},"excerpt":{"rendered":"","protected":false},"author":7,"featured_media":0,"comment_status":"closed","ping_status":"closed","sticky":false,"template":"","format":"standard","meta":{"footnotes":""},"categories":[75],"tags":[],"class_list":["post-2868","post","type-post","status-publish","format-standard","hentry","category-aktuality"],"yoast_head":"<!-- This site is optimized with the Yoast SEO plugin v24.5 - https:\/\/yoast.com\/wordpress\/plugins\/seo\/ -->\n<title>Ateli\u00e9ry Divadla Pam\u011bti n\u00e1roda \u2013 p\u0159ihl\u00e1\u0161ky na \u0161koln\u00ed rok 2026\/27 - Divadlo Pam\u011bti n\u00e1roda<\/title>\n<meta name=\"robots\" content=\"index, follow, max-snippet:-1, max-image-preview:large, max-video-preview:-1\" \/>\n<link rel=\"canonical\" href=\"https:\/\/divadlo.pametnaroda.cz\/en\/2026\/09\/ateliery-divadla-pameti-naroda-prihlasky-na-skolni-rok-2026-27\/\" \/>\n<meta property=\"og:locale\" content=\"en_GB\" \/>\n<meta property=\"og:type\" content=\"article\" \/>\n<meta property=\"og:title\" content=\"Ateli\u00e9ry Divadla Pam\u011bti n\u00e1roda \u2013 p\u0159ihl\u00e1\u0161ky na \u0161koln\u00ed rok 2026\/27 - Divadlo Pam\u011bti n\u00e1roda\" \/>\n<meta property=\"og:url\" content=\"https:\/\/divadlo.pametnaroda.cz\/en\/2026\/09\/ateliery-divadla-pameti-naroda-prihlasky-na-skolni-rok-2026-27\/\" \/>\n<meta property=\"og:site_name\" content=\"Divadlo Pam\u011bti n\u00e1roda\" \/>\n<meta property=\"article:published_time\" content=\"2026-09-01T12:51:59+00:00\" \/>\n<meta property=\"article:modified_time\" content=\"2026-09-01T13:05:48+00:00\" \/>\n<meta name=\"author\" content=\"Divadlo PN\" \/>\n<meta name=\"twitter:card\" content=\"summary_large_image\" \/>\n<meta name=\"twitter:label1\" content=\"Written by\" \/>\n\t<meta name=\"twitter:data1\" content=\"Divadlo PN\" \/>\n<script type=\"application\/ld+json\" class=\"yoast-schema-graph\">{\"@context\":\"https:\/\/schema.org\",\"@graph\":[{\"@type\":\"WebPage\",\"@id\":\"https:\/\/divadlo.pametnaroda.cz\/2026\/09\/ateliery-divadla-pameti-naroda-prihlasky-na-skolni-rok-2026-27\/\",\"url\":\"https:\/\/divadlo.pametnaroda.cz\/2026\/09\/ateliery-divadla-pameti-naroda-prihlasky-na-skolni-rok-2026-27\/\",\"name\":\"Ateli\u00e9ry Divadla Pam\u011bti n\u00e1roda \u2013 p\u0159ihl\u00e1\u0161ky na \u0161koln\u00ed rok 2026\/27 - Divadlo Pam\u011bti n\u00e1roda\",\"isPartOf\":{\"@id\":\"https:\/\/divadlo.pametnaroda.cz\/#website\"},\"datePublished\":\"2026-09-01T12:51:59+00:00\",\"dateModified\":\"2026-09-01T13:05:48+00:00\",\"author\":{\"@id\":\"https:\/\/divadlo.pametnaroda.cz\/#\/schema\/person\/1bd4c1ebef3b90d9cf2eeabf6ed899c2\"},\"breadcrumb\":{\"@id\":\"https:\/\/divadlo.pametnaroda.cz\/2026\/09\/ateliery-divadla-pameti-naroda-prihlasky-na-skolni-rok-2026-27\/#breadcrumb\"},\"inLanguage\":\"en-GB\",\"potentialAction\":[{\"@type\":\"ReadAction\",\"target\":[\"https:\/\/divadlo.pametnaroda.cz\/2026\/09\/ateliery-divadla-pameti-naroda-prihlasky-na-skolni-rok-2026-27\/\"]}]},{\"@type\":\"BreadcrumbList\",\"@id\":\"https:\/\/divadlo.pametnaroda.cz\/2026\/09\/ateliery-divadla-pameti-naroda-prihlasky-na-skolni-rok-2026-27\/#breadcrumb\",\"itemListElement\":[{\"@type\":\"ListItem\",\"position\":1,\"name\":\"Dom\u016f\",\"item\":\"https:\/\/divadlo.pametnaroda.cz\/\"},{\"@type\":\"ListItem\",\"position\":2,\"name\":\"Ateli\u00e9ry Divadla Pam\u011bti n\u00e1roda \u2013 p\u0159ihl\u00e1\u0161ky na \u0161koln\u00ed rok 2026\/27\"}]},{\"@type\":\"WebSite\",\"@id\":\"https:\/\/divadlo.pametnaroda.cz\/#website\",\"url\":\"https:\/\/divadlo.pametnaroda.cz\/\",\"name\":\"Divadlo Pam\u011bti n\u00e1roda\",\"description\":\"Vypr\u00e1v\u00edme p\u0159\u00edb\u011bhy 20. stolet\u00ed skrze autentick\u00e1 sv\u011bdectv\u00ed Pam\u011bti n\u00e1roda\",\"potentialAction\":[{\"@type\":\"SearchAction\",\"target\":{\"@type\":\"EntryPoint\",\"urlTemplate\":\"https:\/\/divadlo.pametnaroda.cz\/?s={search_term_string}\"},\"query-input\":{\"@type\":\"PropertyValueSpecification\",\"valueRequired\":true,\"valueName\":\"search_term_string\"}}],\"inLanguage\":\"en-GB\"},{\"@type\":\"Person\",\"@id\":\"https:\/\/divadlo.pametnaroda.cz\/#\/schema\/person\/1bd4c1ebef3b90d9cf2eeabf6ed899c2\",\"name\":\"Divadlo PN\",\"image\":{\"@type\":\"ImageObject\",\"inLanguage\":\"en-GB\",\"@id\":\"https:\/\/divadlo.pametnaroda.cz\/#\/schema\/person\/image\/\",\"url\":\"https:\/\/secure.gravatar.com\/avatar\/8c0eabc35d7908c7150a51872520b359?s=96&d=mm&r=g\",\"contentUrl\":\"https:\/\/secure.gravatar.com\/avatar\/8c0eabc35d7908c7150a51872520b359?s=96&d=mm&r=g\",\"caption\":\"Divadlo PN\"},\"url\":\"https:\/\/divadlo.pametnaroda.cz\/en\/author\/tamarapomoriski\/\"}]}<\/script>\n<!-- \/ Yoast SEO plugin. -->","yoast_head_json":{"title":"Ateli\u00e9ry Divadla Pam\u011bti n\u00e1roda \u2013 p\u0159ihl\u00e1\u0161ky na \u0161koln\u00ed rok 2026\/27 - Divadlo Pam\u011bti n\u00e1roda","robots":{"index":"index","follow":"follow","max-snippet":"max-snippet:-1","max-image-preview":"max-image-preview:large","max-video-preview":"max-video-preview:-1"},"canonical":"https:\/\/divadlo.pametnaroda.cz\/en\/2026\/09\/ateliery-divadla-pameti-naroda-prihlasky-na-skolni-rok-2026-27\/","og_locale":"en_GB","og_type":"article","og_title":"Ateli\u00e9ry Divadla Pam\u011bti n\u00e1roda \u2013 p\u0159ihl\u00e1\u0161ky na \u0161koln\u00ed rok 2026\/27 - Divadlo Pam\u011bti n\u00e1roda","og_url":"https:\/\/divadlo.pametnaroda.cz\/en\/2026\/09\/ateliery-divadla-pameti-naroda-prihlasky-na-skolni-rok-2026-27\/","og_site_name":"Divadlo Pam\u011bti n\u00e1roda","article_published_time":"2026-09-01T12:51:59+00:00","article_modified_time":"2026-09-01T13:05:48+00:00","author":"Divadlo PN","twitter_card":"summary_large_image","twitter_misc":{"Written by":"Divadlo PN"},"schema":{"@context":"https:\/\/schema.org","@graph":[{"@type":"WebPage","@id":"https:\/\/divadlo.pametnaroda.cz\/2026\/09\/ateliery-divadla-pameti-naroda-prihlasky-na-skolni-rok-2026-27\/","url":"https:\/\/divadlo.pametnaroda.cz\/2026\/09\/ateliery-divadla-pameti-naroda-prihlasky-na-skolni-rok-2026-27\/","name":"Ateli\u00e9ry Divadla Pam\u011bti n\u00e1roda \u2013 p\u0159ihl\u00e1\u0161ky na \u0161koln\u00ed rok 2026\/27 - Divadlo Pam\u011bti n\u00e1roda","isPartOf":{"@id":"https:\/\/divadlo.pametnaroda.cz\/#website"},"datePublished":"2026-09-01T12:51:59+00:00","dateModified":"2026-09-01T13:05:48+00:00","author":{"@id":"https:\/\/divadlo.pametnaroda.cz\/#\/schema\/person\/1bd4c1ebef3b90d9cf2eeabf6ed899c2"},"breadcrumb":{"@id":"https:\/\/divadlo.pametnaroda.cz\/2026\/09\/ateliery-divadla-pameti-naroda-prihlasky-na-skolni-rok-2026-27\/#breadcrumb"},"inLanguage":"en-GB","potentialAction":[{"@type":"ReadAction","target":["https:\/\/divadlo.pametnaroda.cz\/2026\/09\/ateliery-divadla-pameti-naroda-prihlasky-na-skolni-rok-2026-27\/"]}]},{"@type":"BreadcrumbList","@id":"https:\/\/divadlo.pametnaroda.cz\/2026\/09\/ateliery-divadla-pameti-naroda-prihlasky-na-skolni-rok-2026-27\/#breadcrumb","itemListElement":[{"@type":"ListItem","position":1,"name":"Dom\u016f","item":"https:\/\/divadlo.pametnaroda.cz\/"},{"@type":"ListItem","position":2,"name":"Ateli\u00e9ry Divadla Pam\u011bti n\u00e1roda \u2013 p\u0159ihl\u00e1\u0161ky na \u0161koln\u00ed rok 2026\/27"}]},{"@type":"WebSite","@id":"https:\/\/divadlo.pametnaroda.cz\/#website","url":"https:\/\/divadlo.pametnaroda.cz\/","name":"Divadlo Pam\u011bti n\u00e1roda","description":"Vypr\u00e1v\u00edme p\u0159\u00edb\u011bhy 20. stolet\u00ed skrze autentick\u00e1 sv\u011bdectv\u00ed Pam\u011bti n\u00e1roda","potentialAction":[{"@type":"SearchAction","target":{"@type":"EntryPoint","urlTemplate":"https:\/\/divadlo.pametnaroda.cz\/?s={search_term_string}"},"query-input":{"@type":"PropertyValueSpecification","valueRequired":true,"valueName":"search_term_string"}}],"inLanguage":"en-GB"},{"@type":"Person","@id":"https:\/\/divadlo.pametnaroda.cz\/#\/schema\/person\/1bd4c1ebef3b90d9cf2eeabf6ed899c2","name":"Divadlo PN","image":{"@type":"ImageObject","inLanguage":"en-GB","@id":"https:\/\/divadlo.pametnaroda.cz\/#\/schema\/person\/image\/","url":"https:\/\/secure.gravatar.com\/avatar\/8c0eabc35d7908c7150a51872520b359?s=96&d=mm&r=g","contentUrl":"https:\/\/secure.gravatar.com\/avatar\/8c0eabc35d7908c7150a51872520b359?s=96&d=mm&r=g","caption":"Divadlo PN"},"url":"https:\/\/divadlo.pametnaroda.cz\/en\/author\/tamarapomoriski\/"}]}},"_links":{"self":[{"href":"https:\/\/divadlo.pametnaroda.cz\/en\/wp-json\/wp\/v2\/posts\/2868","targetHints":{"allow":["GET"]}}],"collection":[{"href":"https:\/\/divadlo.pametnaroda.cz\/en\/wp-json\/wp\/v2\/posts"}],"about":[{"href":"https:\/\/divadlo.pametnaroda.cz\/en\/wp-json\/wp\/v2\/types\/post"}],"author":[{"embeddable":true,"href":"https:\/\/divadlo.pametnaroda.cz\/en\/wp-json\/wp\/v2\/users\/7"}],"replies":[{"embeddable":true,"href":"https:\/\/divadlo.pametnaroda.cz\/en\/wp-json\/wp\/v2\/comments?post=2868"}],"version-history":[{"count":0,"href":"https:\/\/divadlo.pametnaroda.cz\/en\/wp-json\/wp\/v2\/posts\/2868\/revisions"}],"wp:attachment":[{"href":"https:\/\/divadlo.pametnaroda.cz\/en\/wp-json\/wp\/v2\/media?parent=2868"}],"wp:term":[{"taxonomy":"category","embeddable":true,"href":"https:\/\/divadlo.pametnaroda.cz\/en\/wp-json\/wp\/v2\/categories?post=2868"},{"taxonomy":"post_tag","embeddable":true,"href":"https:\/\/divadlo.pametnaroda.cz\/en\/wp-json\/wp\/v2\/tags?post=2868"}],"curies":[{"name":"wp","href":"https:\/\/api.w.org\/{rel}","templated":true}]}}