{"id":780,"date":"2022-01-27T16:53:42","date_gmt":"2022-01-27T15:53:42","guid":{"rendered":"https:\/\/divadlo.pametnaroda.cz\/?p=780"},"modified":"2025-03-26T14:49:47","modified_gmt":"2025-03-26T13:49:47","slug":"pamet-jsme-my-2022","status":"publish","type":"post","link":"https:\/\/divadlo.pametnaroda.cz\/en\/2022\/01\/pamet-jsme-my-2022\/","title":{"rendered":"Premi\u00e9ra inscenace Pam\u011b\u0165 jsme my 2022: Heydrichi\u00e1da"},"content":{"rendered":"<p><strong>27. ledna 2022 <\/strong><\/p>\n<p><strong>Praha,\u00a0<\/strong><strong>Chr\u00e1m sv. Cyrila a Metod\u011bje<\/strong><\/p>\n<p>Divadeln\u00ed p\u0159edstaven\u00ed Pam\u011b\u0165 jsme my 2022: Heydrichi\u00e1da upozor\u0148uje na ud\u00e1losti heydrichi\u00e1dy. Skupina jeden\u00e1cti mlad\u00fdch herc\u016f z projektu Divadla Pam\u011bti n\u00e1roda p\u0159\u00edmo v prostor\u00e1ch chr\u00e1mu sv. Cyrila a Metod\u011bje p\u0159ipom\u00edn\u00e1 state\u010dnost lid\u00ed, kte\u0159\u00ed poskytli z\u00e1zem\u00ed para\u0161utist\u016fm a o\u017eivuje p\u0159\u00edb\u011bhy t\u011bch, kter\u00e9 ud\u00e1losti po atent\u00e1tu na \u0159\u00ed\u0161sk\u00e9ho protektora osudov\u011b poznamenaly.<\/p>\n<p>Spolupr\u00e1ce s nizozemskou organizaci Theater Na de Dam.<\/p>\n<p>&nbsp;<\/p>\n<p><a href=\"https:\/\/divadlo.pametnaroda.cz\/media\/sites\/3\/2022\/01\/DPN-Pamet-jsme-my-2022_A3-1.jpg\"><img decoding=\"async\" class=\"lazyload alignnone wp-image-866 size-medium\" src=\"https:\/\/divadlo.pametnaroda.cz\/media\/sites\/3\/2022\/01\/DPN-Pamet-jsme-my-2022_A3-1-212x300.jpg\" data-orig-src=\"https:\/\/divadlo.pametnaroda.cz\/media\/sites\/3\/2022\/01\/DPN-Pamet-jsme-my-2022_A3-1-212x300.jpg\" alt=\"\" width=\"212\" height=\"300\" srcset=\"data:image\/svg+xml,%3Csvg%20xmlns%3D%27http%3A%2F%2Fwww.w3.org%2F2000%2Fsvg%27%20width%3D%27212%27%20height%3D%27300%27%20viewBox%3D%270%200%20212%20300%27%3E%3Crect%20width%3D%27212%27%20height%3D%27300%27%20fill-opacity%3D%220%22%2F%3E%3C%2Fsvg%3E\" data-srcset=\"https:\/\/divadlo.pametnaroda.cz\/media\/sites\/3\/2022\/01\/DPN-Pamet-jsme-my-2022_A3-1-8x12.jpg 8w, https:\/\/divadlo.pametnaroda.cz\/media\/sites\/3\/2022\/01\/DPN-Pamet-jsme-my-2022_A3-1-200x283.jpg 200w, https:\/\/divadlo.pametnaroda.cz\/media\/sites\/3\/2022\/01\/DPN-Pamet-jsme-my-2022_A3-1-212x300.jpg 212w, https:\/\/divadlo.pametnaroda.cz\/media\/sites\/3\/2022\/01\/DPN-Pamet-jsme-my-2022_A3-1-400x566.jpg 400w, https:\/\/divadlo.pametnaroda.cz\/media\/sites\/3\/2022\/01\/DPN-Pamet-jsme-my-2022_A3-1-600x849.jpg 600w, https:\/\/divadlo.pametnaroda.cz\/media\/sites\/3\/2022\/01\/DPN-Pamet-jsme-my-2022_A3-1-724x1024.jpg 724w, https:\/\/divadlo.pametnaroda.cz\/media\/sites\/3\/2022\/01\/DPN-Pamet-jsme-my-2022_A3-1-768x1086.jpg 768w, https:\/\/divadlo.pametnaroda.cz\/media\/sites\/3\/2022\/01\/DPN-Pamet-jsme-my-2022_A3-1-800x1132.jpg 800w, https:\/\/divadlo.pametnaroda.cz\/media\/sites\/3\/2022\/01\/DPN-Pamet-jsme-my-2022_A3-1.jpg 842w\" data-sizes=\"auto\" data-orig-sizes=\"(max-width: 212px) 100vw, 212px\" \/><\/a><\/p>","protected":false},"excerpt":{"rendered":"<p>27. ledna 2022 Praha,\u00a0Chr\u00e1m sv. Cyrila a Metod\u011bje Divadeln\u00ed p\u0159edstaven\u00ed Pam\u011b\u0165 jsme my 2022: Heydrichi\u00e1da upozor\u0148uje na ud\u00e1losti heydrichi\u00e1dy. Skupina jeden\u00e1cti mlad\u00fdch herc\u016f z projektu Divadla Pam\u011bti n\u00e1roda p\u0159\u00edmo v prostor\u00e1ch chr\u00e1mu sv. Cyrila a Metod\u011bje p\u0159ipom\u00edn\u00e1 state\u010dnost lid\u00ed, kte\u0159\u00ed poskytli z\u00e1zem\u00ed para\u0161utist\u016fm a o\u017eivuje p\u0159\u00edb\u011bhy t\u011bch, kter\u00e9 ud\u00e1losti po atent\u00e1tu na \u0159\u00ed\u0161sk\u00e9ho protektora osudov\u011b poznamenaly. Spolupr\u00e1ce s nizozemskou organizaci Theater Na de Dam. &nbsp;<\/p>","protected":false},"author":7,"featured_media":0,"comment_status":"closed","ping_status":"closed","sticky":false,"template":"","format":"standard","meta":{"footnotes":""},"categories":[75],"tags":[],"class_list":["post-780","post","type-post","status-publish","format-standard","hentry","category-aktuality"],"yoast_head":"<!-- This site is optimized with the Yoast SEO plugin v24.5 - https:\/\/yoast.com\/wordpress\/plugins\/seo\/ -->\n<title>Premi\u00e9ra inscenace Pam\u011b\u0165 jsme my 2022: Heydrichi\u00e1da - Divadlo Pam\u011bti n\u00e1roda<\/title>\n<meta name=\"robots\" content=\"index, follow, max-snippet:-1, max-image-preview:large, max-video-preview:-1\" \/>\n<link rel=\"canonical\" href=\"https:\/\/divadlo.pametnaroda.cz\/en\/2022\/01\/pamet-jsme-my-2022\/\" \/>\n<meta property=\"og:locale\" content=\"en_GB\" \/>\n<meta property=\"og:type\" content=\"article\" \/>\n<meta property=\"og:title\" content=\"Premi\u00e9ra inscenace Pam\u011b\u0165 jsme my 2022: Heydrichi\u00e1da - Divadlo Pam\u011bti n\u00e1roda\" \/>\n<meta property=\"og:description\" content=\"27. ledna 2022 Praha,\u00a0Chr\u00e1m sv. Cyrila a Metod\u011bje Divadeln\u00ed p\u0159edstaven\u00ed Pam\u011b\u0165 jsme my 2022: Heydrichi\u00e1da upozor\u0148uje na ud\u00e1losti heydrichi\u00e1dy. Skupina jeden\u00e1cti mlad\u00fdch herc\u016f z projektu Divadla Pam\u011bti n\u00e1roda p\u0159\u00edmo v prostor\u00e1ch chr\u00e1mu sv. Cyrila a Metod\u011bje p\u0159ipom\u00edn\u00e1 state\u010dnost lid\u00ed, kte\u0159\u00ed poskytli z\u00e1zem\u00ed para\u0161utist\u016fm a o\u017eivuje p\u0159\u00edb\u011bhy t\u011bch, kter\u00e9 ud\u00e1losti po atent\u00e1tu na \u0159\u00ed\u0161sk\u00e9ho protektora osudov\u011b poznamenaly. Spolupr\u00e1ce s nizozemskou organizaci Theater Na de Dam. &nbsp;\" \/>\n<meta property=\"og:url\" content=\"https:\/\/divadlo.pametnaroda.cz\/en\/2022\/01\/pamet-jsme-my-2022\/\" \/>\n<meta property=\"og:site_name\" content=\"Divadlo Pam\u011bti n\u00e1roda\" \/>\n<meta property=\"article:published_time\" content=\"2022-01-27T15:53:42+00:00\" \/>\n<meta property=\"article:modified_time\" content=\"2025-03-26T13:49:47+00:00\" \/>\n<meta property=\"og:image\" content=\"https:\/\/divadlo.pametnaroda.cz\/media\/sites\/3\/2022\/01\/DPN-Pamet-jsme-my-2022_A3-1.jpg\" \/>\n\t<meta property=\"og:image:width\" content=\"842\" \/>\n\t<meta property=\"og:image:height\" content=\"1191\" \/>\n\t<meta property=\"og:image:type\" content=\"image\/jpeg\" \/>\n<meta name=\"author\" content=\"Divadlo PN\" \/>\n<meta name=\"twitter:card\" content=\"summary_large_image\" \/>\n<meta name=\"twitter:label1\" content=\"Written by\" \/>\n\t<meta name=\"twitter:data1\" content=\"Divadlo PN\" \/>\n<script type=\"application\/ld+json\" class=\"yoast-schema-graph\">{\"@context\":\"https:\/\/schema.org\",\"@graph\":[{\"@type\":\"WebPage\",\"@id\":\"https:\/\/divadlo.pametnaroda.cz\/2022\/01\/pamet-jsme-my-2022\/\",\"url\":\"https:\/\/divadlo.pametnaroda.cz\/2022\/01\/pamet-jsme-my-2022\/\",\"name\":\"Premi\u00e9ra inscenace Pam\u011b\u0165 jsme my 2022: Heydrichi\u00e1da - Divadlo Pam\u011bti n\u00e1roda\",\"isPartOf\":{\"@id\":\"https:\/\/divadlo.pametnaroda.cz\/#website\"},\"primaryImageOfPage\":{\"@id\":\"https:\/\/divadlo.pametnaroda.cz\/2022\/01\/pamet-jsme-my-2022\/#primaryimage\"},\"image\":{\"@id\":\"https:\/\/divadlo.pametnaroda.cz\/2022\/01\/pamet-jsme-my-2022\/#primaryimage\"},\"thumbnailUrl\":\"https:\/\/divadlo.pametnaroda.cz\/media\/sites\/3\/2022\/01\/DPN-Pamet-jsme-my-2022_A3-1-212x300.jpg\",\"datePublished\":\"2022-01-27T15:53:42+00:00\",\"dateModified\":\"2025-03-26T13:49:47+00:00\",\"author\":{\"@id\":\"https:\/\/divadlo.pametnaroda.cz\/#\/schema\/person\/1bd4c1ebef3b90d9cf2eeabf6ed899c2\"},\"breadcrumb\":{\"@id\":\"https:\/\/divadlo.pametnaroda.cz\/2022\/01\/pamet-jsme-my-2022\/#breadcrumb\"},\"inLanguage\":\"en-GB\",\"potentialAction\":[{\"@type\":\"ReadAction\",\"target\":[\"https:\/\/divadlo.pametnaroda.cz\/2022\/01\/pamet-jsme-my-2022\/\"]}]},{\"@type\":\"ImageObject\",\"inLanguage\":\"en-GB\",\"@id\":\"https:\/\/divadlo.pametnaroda.cz\/2022\/01\/pamet-jsme-my-2022\/#primaryimage\",\"url\":\"https:\/\/divadlo.pametnaroda.cz\/media\/sites\/3\/2022\/01\/DPN-Pamet-jsme-my-2022_A3-1-212x300.jpg\",\"contentUrl\":\"https:\/\/divadlo.pametnaroda.cz\/media\/sites\/3\/2022\/01\/DPN-Pamet-jsme-my-2022_A3-1-212x300.jpg\"},{\"@type\":\"BreadcrumbList\",\"@id\":\"https:\/\/divadlo.pametnaroda.cz\/2022\/01\/pamet-jsme-my-2022\/#breadcrumb\",\"itemListElement\":[{\"@type\":\"ListItem\",\"position\":1,\"name\":\"Dom\u016f\",\"item\":\"https:\/\/divadlo.pametnaroda.cz\/\"},{\"@type\":\"ListItem\",\"position\":2,\"name\":\"Premi\u00e9ra inscenace Pam\u011b\u0165 jsme my 2022: Heydrichi\u00e1da\"}]},{\"@type\":\"WebSite\",\"@id\":\"https:\/\/divadlo.pametnaroda.cz\/#website\",\"url\":\"https:\/\/divadlo.pametnaroda.cz\/\",\"name\":\"Divadlo Pam\u011bti n\u00e1roda\",\"description\":\"Vypr\u00e1v\u00edme p\u0159\u00edb\u011bhy 20. stolet\u00ed skrze autentick\u00e1 sv\u011bdectv\u00ed Pam\u011bti n\u00e1roda\",\"potentialAction\":[{\"@type\":\"SearchAction\",\"target\":{\"@type\":\"EntryPoint\",\"urlTemplate\":\"https:\/\/divadlo.pametnaroda.cz\/?s={search_term_string}\"},\"query-input\":{\"@type\":\"PropertyValueSpecification\",\"valueRequired\":true,\"valueName\":\"search_term_string\"}}],\"inLanguage\":\"en-GB\"},{\"@type\":\"Person\",\"@id\":\"https:\/\/divadlo.pametnaroda.cz\/#\/schema\/person\/1bd4c1ebef3b90d9cf2eeabf6ed899c2\",\"name\":\"Divadlo PN\",\"image\":{\"@type\":\"ImageObject\",\"inLanguage\":\"en-GB\",\"@id\":\"https:\/\/divadlo.pametnaroda.cz\/#\/schema\/person\/image\/\",\"url\":\"https:\/\/secure.gravatar.com\/avatar\/8c0eabc35d7908c7150a51872520b359?s=96&d=mm&r=g\",\"contentUrl\":\"https:\/\/secure.gravatar.com\/avatar\/8c0eabc35d7908c7150a51872520b359?s=96&d=mm&r=g\",\"caption\":\"Divadlo PN\"},\"url\":\"https:\/\/divadlo.pametnaroda.cz\/en\/author\/tamarapomoriski\/\"}]}<\/script>\n<!-- \/ Yoast SEO plugin. -->","yoast_head_json":{"title":"Premi\u00e9ra inscenace Pam\u011b\u0165 jsme my 2022: Heydrichi\u00e1da - Divadlo Pam\u011bti n\u00e1roda","robots":{"index":"index","follow":"follow","max-snippet":"max-snippet:-1","max-image-preview":"max-image-preview:large","max-video-preview":"max-video-preview:-1"},"canonical":"https:\/\/divadlo.pametnaroda.cz\/en\/2022\/01\/pamet-jsme-my-2022\/","og_locale":"en_GB","og_type":"article","og_title":"Premi\u00e9ra inscenace Pam\u011b\u0165 jsme my 2022: Heydrichi\u00e1da - Divadlo Pam\u011bti n\u00e1roda","og_description":"27. ledna 2022 Praha,\u00a0Chr\u00e1m sv. Cyrila a Metod\u011bje Divadeln\u00ed p\u0159edstaven\u00ed Pam\u011b\u0165 jsme my 2022: Heydrichi\u00e1da upozor\u0148uje na ud\u00e1losti heydrichi\u00e1dy. Skupina jeden\u00e1cti mlad\u00fdch herc\u016f z projektu Divadla Pam\u011bti n\u00e1roda p\u0159\u00edmo v prostor\u00e1ch chr\u00e1mu sv. Cyrila a Metod\u011bje p\u0159ipom\u00edn\u00e1 state\u010dnost lid\u00ed, kte\u0159\u00ed poskytli z\u00e1zem\u00ed para\u0161utist\u016fm a o\u017eivuje p\u0159\u00edb\u011bhy t\u011bch, kter\u00e9 ud\u00e1losti po atent\u00e1tu na \u0159\u00ed\u0161sk\u00e9ho protektora osudov\u011b poznamenaly. Spolupr\u00e1ce s nizozemskou organizaci Theater Na de Dam. &nbsp;","og_url":"https:\/\/divadlo.pametnaroda.cz\/en\/2022\/01\/pamet-jsme-my-2022\/","og_site_name":"Divadlo Pam\u011bti n\u00e1roda","article_published_time":"2022-01-27T15:53:42+00:00","article_modified_time":"2025-03-26T13:49:47+00:00","og_image":[{"width":842,"height":1191,"url":"https:\/\/divadlo.pametnaroda.cz\/media\/sites\/3\/2022\/01\/DPN-Pamet-jsme-my-2022_A3-1.jpg","type":"image\/jpeg"}],"author":"Divadlo PN","twitter_card":"summary_large_image","twitter_misc":{"Written by":"Divadlo PN"},"schema":{"@context":"https:\/\/schema.org","@graph":[{"@type":"WebPage","@id":"https:\/\/divadlo.pametnaroda.cz\/2022\/01\/pamet-jsme-my-2022\/","url":"https:\/\/divadlo.pametnaroda.cz\/2022\/01\/pamet-jsme-my-2022\/","name":"Premi\u00e9ra inscenace Pam\u011b\u0165 jsme my 2022: Heydrichi\u00e1da - Divadlo Pam\u011bti n\u00e1roda","isPartOf":{"@id":"https:\/\/divadlo.pametnaroda.cz\/#website"},"primaryImageOfPage":{"@id":"https:\/\/divadlo.pametnaroda.cz\/2022\/01\/pamet-jsme-my-2022\/#primaryimage"},"image":{"@id":"https:\/\/divadlo.pametnaroda.cz\/2022\/01\/pamet-jsme-my-2022\/#primaryimage"},"thumbnailUrl":"https:\/\/divadlo.pametnaroda.cz\/media\/sites\/3\/2022\/01\/DPN-Pamet-jsme-my-2022_A3-1-212x300.jpg","datePublished":"2022-01-27T15:53:42+00:00","dateModified":"2025-03-26T13:49:47+00:00","author":{"@id":"https:\/\/divadlo.pametnaroda.cz\/#\/schema\/person\/1bd4c1ebef3b90d9cf2eeabf6ed899c2"},"breadcrumb":{"@id":"https:\/\/divadlo.pametnaroda.cz\/2022\/01\/pamet-jsme-my-2022\/#breadcrumb"},"inLanguage":"en-GB","potentialAction":[{"@type":"ReadAction","target":["https:\/\/divadlo.pametnaroda.cz\/2022\/01\/pamet-jsme-my-2022\/"]}]},{"@type":"ImageObject","inLanguage":"en-GB","@id":"https:\/\/divadlo.pametnaroda.cz\/2022\/01\/pamet-jsme-my-2022\/#primaryimage","url":"https:\/\/divadlo.pametnaroda.cz\/media\/sites\/3\/2022\/01\/DPN-Pamet-jsme-my-2022_A3-1-212x300.jpg","contentUrl":"https:\/\/divadlo.pametnaroda.cz\/media\/sites\/3\/2022\/01\/DPN-Pamet-jsme-my-2022_A3-1-212x300.jpg"},{"@type":"BreadcrumbList","@id":"https:\/\/divadlo.pametnaroda.cz\/2022\/01\/pamet-jsme-my-2022\/#breadcrumb","itemListElement":[{"@type":"ListItem","position":1,"name":"Dom\u016f","item":"https:\/\/divadlo.pametnaroda.cz\/"},{"@type":"ListItem","position":2,"name":"Premi\u00e9ra inscenace Pam\u011b\u0165 jsme my 2022: Heydrichi\u00e1da"}]},{"@type":"WebSite","@id":"https:\/\/divadlo.pametnaroda.cz\/#website","url":"https:\/\/divadlo.pametnaroda.cz\/","name":"Divadlo Pam\u011bti n\u00e1roda","description":"Vypr\u00e1v\u00edme p\u0159\u00edb\u011bhy 20. stolet\u00ed skrze autentick\u00e1 sv\u011bdectv\u00ed Pam\u011bti n\u00e1roda","potentialAction":[{"@type":"SearchAction","target":{"@type":"EntryPoint","urlTemplate":"https:\/\/divadlo.pametnaroda.cz\/?s={search_term_string}"},"query-input":{"@type":"PropertyValueSpecification","valueRequired":true,"valueName":"search_term_string"}}],"inLanguage":"en-GB"},{"@type":"Person","@id":"https:\/\/divadlo.pametnaroda.cz\/#\/schema\/person\/1bd4c1ebef3b90d9cf2eeabf6ed899c2","name":"Divadlo PN","image":{"@type":"ImageObject","inLanguage":"en-GB","@id":"https:\/\/divadlo.pametnaroda.cz\/#\/schema\/person\/image\/","url":"https:\/\/secure.gravatar.com\/avatar\/8c0eabc35d7908c7150a51872520b359?s=96&d=mm&r=g","contentUrl":"https:\/\/secure.gravatar.com\/avatar\/8c0eabc35d7908c7150a51872520b359?s=96&d=mm&r=g","caption":"Divadlo PN"},"url":"https:\/\/divadlo.pametnaroda.cz\/en\/author\/tamarapomoriski\/"}]}},"_links":{"self":[{"href":"https:\/\/divadlo.pametnaroda.cz\/en\/wp-json\/wp\/v2\/posts\/780","targetHints":{"allow":["GET"]}}],"collection":[{"href":"https:\/\/divadlo.pametnaroda.cz\/en\/wp-json\/wp\/v2\/posts"}],"about":[{"href":"https:\/\/divadlo.pametnaroda.cz\/en\/wp-json\/wp\/v2\/types\/post"}],"author":[{"embeddable":true,"href":"https:\/\/divadlo.pametnaroda.cz\/en\/wp-json\/wp\/v2\/users\/7"}],"replies":[{"embeddable":true,"href":"https:\/\/divadlo.pametnaroda.cz\/en\/wp-json\/wp\/v2\/comments?post=780"}],"version-history":[{"count":0,"href":"https:\/\/divadlo.pametnaroda.cz\/en\/wp-json\/wp\/v2\/posts\/780\/revisions"}],"wp:attachment":[{"href":"https:\/\/divadlo.pametnaroda.cz\/en\/wp-json\/wp\/v2\/media?parent=780"}],"wp:term":[{"taxonomy":"category","embeddable":true,"href":"https:\/\/divadlo.pametnaroda.cz\/en\/wp-json\/wp\/v2\/categories?post=780"},{"taxonomy":"post_tag","embeddable":true,"href":"https:\/\/divadlo.pametnaroda.cz\/en\/wp-json\/wp\/v2\/tags?post=780"}],"curies":[{"name":"wp","href":"https:\/\/api.w.org\/{rel}","templated":true}]}}